{"id":9980,"date":"2020-06-09T13:40:58","date_gmt":"2020-06-09T11:40:58","guid":{"rendered":"http:\/\/161.116.26.48\/?p=9980"},"modified":"2020-06-09T13:45:01","modified_gmt":"2020-06-09T11:45:01","slug":"logmask-nueva-tecnologia-inteligencia-artificial-que-detecta-uso-mascarillas","status":"publish","type":"post","link":"https:\/\/www.fbg.ub.edu\/es\/actualidad\/logmask-nueva-tecnologia-inteligencia-artificial-que-detecta-uso-mascarillas\/","title":{"rendered":"LogMask, una nueva tecnolog\u00eda de inteligencia artificial que detecta el uso de mascarillas"},"content":{"rendered":"<p>La normativa actual obliga a usar mascarillas en espacios p\u00fablicos cerrados y cuando no sea posible mantener una distancia m\u00ednima de seguridad de dos metros en la v\u00eda p\u00fablica. En este contexto, el\u00a0<a href=\"http:\/\/www.ub.edu\/cvub\/\" target=\"_self\">Grupo de Investigaci\u00f3n Consolidado Computer Vision and Machine Learning\u00a0<\/a>de la Universidad de Barcelona ha desarrollado la tecnolog\u00eda\u00a0<b>LogMask<\/b>, que permite detectar personas con y sin mascarilla adem\u00e1s de controlar los aforos.<\/p>\n<p>Este equipo, formado por ingenieros inform\u00e1ticos y de telecomunicaciones y por matem\u00e1ticos y profesionales en digitalizaci\u00f3n de empresas y organismos p\u00fablicos, ha desarrollado una soluci\u00f3n tecnol\u00f3gica que facilita la gesti\u00f3n de la seguridad respecto al control del uso de mascarillas en diferentes espacios, para prevenir as\u00ed la propagaci\u00f3n de la COVID-19. Con un algoritmo cuya eficacia alcanza actualmente una precisi\u00f3n superior al 95 %,\u00a0<a href=\"https:\/\/logmask.com\/es\" target=\"_self\">LogMask<\/a>\u00a0funciona en distintas condiciones de iluminaci\u00f3n, as\u00ed como en espacios abiertos y cerrados, independientemente de si hay mucha o poca gente.<\/p>\n<p>LogMask es un proyecto basado en t\u00e9cnicas de inteligencia artificial, aprendizaje profundo (<i>deep learning<\/i>) y datos masivos para an\u00e1lisis por computaci\u00f3n de im\u00e1genes en tiempo real. El objetivo es identificar si las personas llevan puesta, o no, una mascarilla protectora seg\u00fan las indicaciones de la normativa actual, que se public\u00f3 en el Bolet\u00edn Oficial del Estado el pasado 20 de mayo.<\/p>\n<p>Como explica\u00a0<b>Petia Radeva, catedr\u00e1tica del Departamento de Matem\u00e1ticas e Inform\u00e1tica de la UB<\/b>\u00a0y l\u00edder del equipo de investigadores, \u00abla tecnolog\u00eda de aprendizaje profundo permite a un ordenador aprender a distinguir de forma autom\u00e1tica caracter\u00edsticas basadas en im\u00e1genes, personas con o sin mascarilla en este caso, habi\u00e9ndole ense\u00f1ado miles o millones de im\u00e1genes\u00bb. Gracias a esta tecnolog\u00eda, LogMask puede aprender a distinguir las caracter\u00edsticas visuales de las im\u00e1genes y buscar, por un lado, los patrones que identifican los ojos y las facciones para encontrar caras, y por otro, las caracter\u00edsticas b\u00e1sicas de forma y color de las mascarillas, as\u00ed como de la boca, para saber si la persona lleva o no mascarilla. El algoritmo se entren\u00f3 gracias a un conjunto de 25.000 im\u00e1genes con m\u00e1s de 45.000 caras humanas, con y sin mascarilla.<\/p>\n<p>En la web de LogMask es posible encontrar una versi\u00f3n gratuita para detectar el uso de mascarilla en una o varias personas simult\u00e1neamente. Tambi\u00e9n hay una versi\u00f3n comercial \u2014gestionada a trav\u00e9s de la Fundaci\u00f3n Bosch i Gimpera\u2014 que puede, adem\u00e1s, integrarse sin limitaciones ni restricciones de uso en las c\u00e1maras IP o CCTV de infraestructuras como hospitales, edificios p\u00fablicos, transportes o aeropuertos.<\/p>\n<p>El sistema se puede gestionar desde un \u00fanico interfaz v\u00eda web de acceso restringido. El usuario puede controlar m\u00faltiples entornos simult\u00e1neamente y recibe alertas que pueden registrarse autom\u00e1ticamente.<\/p>\n<p>La \u00faltima versi\u00f3n de esta tecnolog\u00eda permite tambi\u00e9n controlar el aforo en los espacios cerrados y advierte al visitante en tiempo real si lleva mascarilla o no, a la vez que le notifica el recuento de personas que determinar\u00e1 si puede acceder al recinto. La parametrizaci\u00f3n se adapta totalmente en funci\u00f3n de los metros cuadrados del espacio y de la fase de desconfinamiento en que nos encontremos.<\/p>\n<p><iframe loading=\"lazy\" width=\"770\" height=\"433\" src=\"https:\/\/www.youtube.com\/embed\/wmKpQ2Z44iM?feature=oembed\" frameborder=\"0\" allow=\"accelerometer; autoplay; encrypted-media; gyroscope; picture-in-picture\" allowfullscreen><\/iframe><\/p>\n","protected":false},"excerpt":{"rendered":"<p>La normativa actual obliga a usar mascarillas en espacios p\u00fablicos cerrados y cuando no sea posible mantener una distancia m\u00ednima&#8230;<\/p>\n","protected":false},"author":2,"featured_media":9982,"comment_status":"closed","ping_status":"open","sticky":false,"template":"","format":"standard","meta":{"_acf_changed":false,"inline_featured_image":false,"_monsterinsights_skip_tracking":false,"_monsterinsights_sitenote_active":false,"_monsterinsights_sitenote_note":"","_monsterinsights_sitenote_category":0,"footnotes":""},"categories":[3],"tags":[],"class_list":["post-9980","post","type-post","status-publish","format-standard","has-post-thumbnail","hentry","category-actualidad"],"acf":[],"_links":{"self":[{"href":"https:\/\/www.fbg.ub.edu\/es\/wp-json\/wp\/v2\/posts\/9980","targetHints":{"allow":["GET"]}}],"collection":[{"href":"https:\/\/www.fbg.ub.edu\/es\/wp-json\/wp\/v2\/posts"}],"about":[{"href":"https:\/\/www.fbg.ub.edu\/es\/wp-json\/wp\/v2\/types\/post"}],"author":[{"embeddable":true,"href":"https:\/\/www.fbg.ub.edu\/es\/wp-json\/wp\/v2\/users\/2"}],"replies":[{"embeddable":true,"href":"https:\/\/www.fbg.ub.edu\/es\/wp-json\/wp\/v2\/comments?post=9980"}],"version-history":[{"count":2,"href":"https:\/\/www.fbg.ub.edu\/es\/wp-json\/wp\/v2\/posts\/9980\/revisions"}],"predecessor-version":[{"id":9985,"href":"https:\/\/www.fbg.ub.edu\/es\/wp-json\/wp\/v2\/posts\/9980\/revisions\/9985"}],"wp:featuredmedia":[{"embeddable":true,"href":"https:\/\/www.fbg.ub.edu\/es\/wp-json\/wp\/v2\/media\/9982"}],"wp:attachment":[{"href":"https:\/\/www.fbg.ub.edu\/es\/wp-json\/wp\/v2\/media?parent=9980"}],"wp:term":[{"taxonomy":"category","embeddable":true,"href":"https:\/\/www.fbg.ub.edu\/es\/wp-json\/wp\/v2\/categories?post=9980"},{"taxonomy":"post_tag","embeddable":true,"href":"https:\/\/www.fbg.ub.edu\/es\/wp-json\/wp\/v2\/tags?post=9980"}],"curies":[{"name":"wp","href":"https:\/\/api.w.org\/{rel}","templated":true}]}}