{"id":9854,"date":"2020-05-22T09:09:06","date_gmt":"2020-05-22T07:09:06","guid":{"rendered":"http:\/\/161.116.26.48\/?p=9854"},"modified":"2021-02-24T10:36:56","modified_gmt":"2021-02-24T08:36:56","slug":"ub-participa-dos-proyectos-financiados-por-eit-health-para-responder-covid-19","status":"publish","type":"post","link":"https:\/\/www.fbg.ub.edu\/es\/actualidad\/ub-participa-dos-proyectos-financiados-por-eit-health-para-responder-covid-19\/","title":{"rendered":"La UB participa en tres proyectos financiados por EIT Health para responder a la COVID-19"},"content":{"rendered":"<p>El Instituto Europeo de Innovaci\u00f3n y Tecnolog\u00eda en Salud (<a href=\"https:\/\/eithealth.eu\/\" target=\"_self\" rel=\"noopener\">EIT Health<\/a>) ha anunciado la resoluci\u00f3n de una convocatoria extraordinaria de proyectos de innovaci\u00f3n para responder a la pandemia de COVID-19. Las iniciativas elegidas en esta convocatoria presentan soluciones innovadoras para dar respuesta inmediata a algunos de los retos que los sistemas sanitarios y la sociedad est\u00e1n abordando. La Universidad de Barcelona, a trav\u00e9s de la Fundaci\u00f3n Bosch i Gimpera, gestiona tres de los quince proyectos seleccionados a nivel europeo.<\/p>\n<p>La UB participa en el proyecto CAR3D a trav\u00e9s del\u00a0<a href=\"http:\/\/www.fbg.ub.edu\/investigadors\/grups-recerca-ub\/grup-barcelona-de\/\" target=\"_self\" rel=\"noopener\">Grupo Barcelona de\u2026<\/a>, formado por profesorado del grado de Dise\u00f1o de la\u00a0Facultad de Bellas Artes. Los investigadores trabajar\u00e1n en el dise\u00f1o, el desarrollo y la validaci\u00f3n de m\u00e1scaras reutilizables y protectores faciales que cumplan las especificaciones de la Uni\u00f3n Europea con el fin de que est\u00e9n disponibles para replicarlas en toda Europa. Los EPI creados a trav\u00e9s del proyecto no tendr\u00e1n ninguna patente, de forma que los fabricantes locales puedan producir este tipo de material de alta calidad. El objetivo es usar tecnolog\u00edas como la impresi\u00f3n 3D con el fin de mejorar la capacidad de Europa para la fabricaci\u00f3n aditiva de material sanitario necesario en la gesti\u00f3n de pandemias. En el proyecto, que lidera el Hospital Sant Joan de D\u00e9u de Barcelona, tambi\u00e9n participan la empresa BCN 3D, especializada en la fabricaci\u00f3n de impresoras 3D, <a href=\"https:\/\/www.fundaciocim.org\" target=\"_blank\" rel=\"noopener\">Centro Tecnol\u00f3gico CIM UPC<\/a> y la Fundaci\u00f3n Sant Joan de D\u00e9u.<\/p>\n<p>Por otro lado,\u00a0<em>\u2018<\/em><a href=\"https:\/\/eithealth.eu\/covid-19-rapid-response\/certify-health\/\"><em>Certify.health<\/em><\/a><em>\u2019<\/em> tiene como objetivo desarrollar un certificado digital que recoja informaci\u00f3n sobre cada persona en relaci\u00f3n a COVID-19. En \u00e9l se incluir\u00e1n los resultados de pruebas diagn\u00f3sticas y de inmunidad, con informaci\u00f3n sobre una posible inmunidad para aquellos que hayan cursado la enfermedad o, en el futuro, est\u00e9n vacunados. Esta soluci\u00f3n podr\u00eda facilitar la vuelta a la normalidad al permitir identificar r\u00e1pidamente si una persona es inmune y, por tanto, no presenta riesgo de propagaci\u00f3n del coronavirus. El proyecto lo lidera la Dra. Marta Cascante, de la Facultad de Biolog\u00eda de la UB, y en el consorcio participan del Hospital Cl\u00ednic de Barcelona, el Institut d\u2019Investigacions Biom\u00e8diques August Pi i Sunyer (IDIBAPS) y el Instituto de Salud Global de Barcelona (ISGlobal) en Espa\u00f1a, tambi\u00e9n participan en el proyecto el Hospital y la Universidad de Grenoble Alpes (UGA), que implementar\u00e1n el proyecto en Francia, y las start-ups suecas CareChain y FindOut Diagnostics, centradas en la tecnolog\u00eda que permitir\u00e1 los certificados digitales.<\/p>\n<p>Adem\u00e1s, investigadores del Departamento de Biomedicina de la UB, junto con el ISGlobal, participan en CoViproteHCt, un proyecto coordinado por la Universidad T\u00e9cnica de M\u00fanich (TUM) para desarrollar y validar ensayos que permitan identificar a personal sanitario que haya desarrollado respuesta inmunitaria frente al SARS-CoV-2.<\/p>\n<p><a href=\"https:\/\/www.ub.edu\/web\/ub\/es\/menu_eines\/noticies\/2020\/05\/034.html?\" target=\"_blank\" rel=\"noopener\">M\u00e1s informaci\u00f3n<\/a><\/p>\n","protected":false},"excerpt":{"rendered":"<p>El Instituto Europeo de Innovaci\u00f3n y Tecnolog\u00eda en Salud (EIT Health) ha anunciado la resoluci\u00f3n de una convocatoria extraordinaria de&#8230;<\/p>\n","protected":false},"author":2,"featured_media":9852,"comment_status":"closed","ping_status":"open","sticky":false,"template":"","format":"standard","meta":{"_acf_changed":false,"inline_featured_image":false,"_monsterinsights_skip_tracking":false,"_monsterinsights_sitenote_active":false,"_monsterinsights_sitenote_note":"","_monsterinsights_sitenote_category":0,"footnotes":""},"categories":[3],"tags":[],"class_list":["post-9854","post","type-post","status-publish","format-standard","has-post-thumbnail","hentry","category-actualidad"],"acf":[],"_links":{"self":[{"href":"https:\/\/www.fbg.ub.edu\/es\/wp-json\/wp\/v2\/posts\/9854","targetHints":{"allow":["GET"]}}],"collection":[{"href":"https:\/\/www.fbg.ub.edu\/es\/wp-json\/wp\/v2\/posts"}],"about":[{"href":"https:\/\/www.fbg.ub.edu\/es\/wp-json\/wp\/v2\/types\/post"}],"author":[{"embeddable":true,"href":"https:\/\/www.fbg.ub.edu\/es\/wp-json\/wp\/v2\/users\/2"}],"replies":[{"embeddable":true,"href":"https:\/\/www.fbg.ub.edu\/es\/wp-json\/wp\/v2\/comments?post=9854"}],"version-history":[{"count":6,"href":"https:\/\/www.fbg.ub.edu\/es\/wp-json\/wp\/v2\/posts\/9854\/revisions"}],"predecessor-version":[{"id":11593,"href":"https:\/\/www.fbg.ub.edu\/es\/wp-json\/wp\/v2\/posts\/9854\/revisions\/11593"}],"wp:featuredmedia":[{"embeddable":true,"href":"https:\/\/www.fbg.ub.edu\/es\/wp-json\/wp\/v2\/media\/9852"}],"wp:attachment":[{"href":"https:\/\/www.fbg.ub.edu\/es\/wp-json\/wp\/v2\/media?parent=9854"}],"wp:term":[{"taxonomy":"category","embeddable":true,"href":"https:\/\/www.fbg.ub.edu\/es\/wp-json\/wp\/v2\/categories?post=9854"},{"taxonomy":"post_tag","embeddable":true,"href":"https:\/\/www.fbg.ub.edu\/es\/wp-json\/wp\/v2\/tags?post=9854"}],"curies":[{"name":"wp","href":"https:\/\/api.w.org\/{rel}","templated":true}]}}