{"id":9532,"date":"2020-02-14T12:33:47","date_gmt":"2020-02-14T10:33:47","guid":{"rendered":"http:\/\/161.116.26.48\/?p=9532"},"modified":"2020-02-14T12:40:30","modified_gmt":"2020-02-14T10:40:30","slug":"coralchange-proyecto-para-estudiar-y-proteger-los-corales-amenazados-por-cambio-global","status":"publish","type":"post","link":"https:\/\/www.fbg.ub.edu\/es\/actualidad\/coralchange-proyecto-para-estudiar-y-proteger-los-corales-amenazados-por-cambio-global\/","title":{"rendered":"CoralChange: un proyecto para estudiar y proteger los corales amenazados por el cambio global"},"content":{"rendered":"<p>Los arrecifes de coral constituyen uno de los ecosistemas m\u00e1s diversos, espectaculares y productivos de todo el planeta. Sin embargo, estas estructuras biol\u00f3gicas tambi\u00e9n se encuentran entre los ecosistemas marinos m\u00e1s sensibles a los efectos adversos de la actual crisis clim\u00e1tica. Fen\u00f3menos como el blanqueo progresivo y la mortalidad masiva de corales afectan a ecosistemas marinos de todo el planeta y ponen en peligro el futuro de estas comunidades de gran diversidad. En ese contexto, la UB lidera CoralChange, un proyecto que evaluar\u00e1 por primera vez el rol de la reproducci\u00f3n y la ecolog\u00eda larval en la din\u00e1mica y la viabilidad a largo plazo de las poblaciones de coral amenazadas en todo el mundo. Para ello, CoralChange cuenta con la financiaci\u00f3n de la Uni\u00f3n Europea, y en concreto del programa de Acciones Marie Sklodowska-Curie de Horizonte 2020.<\/p>\n<p>Con una perspectiva innovadora, CoralChange impulsar\u00e1 el conocimiento sobre el futuro de las poblaciones de coral usando modelos demogr\u00e1ficos aplicados a distintos escenarios de cambio global. En esa l\u00ednea, la investigadora N\u00faria Viladrich desarrollar\u00e1 un conjunto de modelos de predicci\u00f3n demogr\u00e1fica \u2014con datos experimentales y del trabajo de campo\u2014 que incluir\u00e1n par\u00e1metros sobre la condici\u00f3n fisiol\u00f3gica, la plasticidad tr\u00f3fica, el \u00e9xito reproductivo y la viabilidad larvaria de los corales.<\/p>\n<p>El proyecto, gestionado por la Fundaci\u00f3n Bosch i Gimpera (FBG), est\u00e1 coordinado por la profesora Cristina Linares, del\u00a0Departamento de Biolog\u00eda Evolutiva, Ecolog\u00eda y Ciencias Ambientales\u00a0de la\u00a0Facultad de Biolog\u00eda y del Instituto de Investigaci\u00f3n de la Biodiversidad (IRBio)\u00a0de la Universidad de Barcelona. Tambi\u00e9n participa en esta investigaci\u00f3n la experta N\u00faria Viladrich, del Departamento citado y del IRBio, que de 2020 a 2022 analizar\u00e1 los efectos transgeneracionales inducidos por el cambio global en especies de coral hexacoralario y octocoralario en el Caribe, con la colaboraci\u00f3n del equipo de la profesora Jacqueline Padilla-Gami\u00f1o, de la Universidad de Washington (Estados Unidos).<\/p>\n<p><a href=\"https:\/\/www.ub.edu\/web\/ub\/es\/menu_eines\/noticies\/2020\/02\/025.html?\" target=\"_blank\" rel=\"noopener\">M\u00e1s informaci\u00f3n<\/a><\/p>\n","protected":false},"excerpt":{"rendered":"<p>Los arrecifes de coral constituyen uno de los ecosistemas m\u00e1s diversos, espectaculares y productivos de todo el planeta. Sin embargo,&#8230;<\/p>\n","protected":false},"author":2,"featured_media":9529,"comment_status":"closed","ping_status":"open","sticky":false,"template":"","format":"standard","meta":{"_acf_changed":false,"inline_featured_image":false,"_monsterinsights_skip_tracking":false,"_monsterinsights_sitenote_active":false,"_monsterinsights_sitenote_note":"","_monsterinsights_sitenote_category":0,"footnotes":""},"categories":[3],"tags":[],"class_list":["post-9532","post","type-post","status-publish","format-standard","has-post-thumbnail","hentry","category-actualidad"],"acf":[],"_links":{"self":[{"href":"https:\/\/www.fbg.ub.edu\/es\/wp-json\/wp\/v2\/posts\/9532","targetHints":{"allow":["GET"]}}],"collection":[{"href":"https:\/\/www.fbg.ub.edu\/es\/wp-json\/wp\/v2\/posts"}],"about":[{"href":"https:\/\/www.fbg.ub.edu\/es\/wp-json\/wp\/v2\/types\/post"}],"author":[{"embeddable":true,"href":"https:\/\/www.fbg.ub.edu\/es\/wp-json\/wp\/v2\/users\/2"}],"replies":[{"embeddable":true,"href":"https:\/\/www.fbg.ub.edu\/es\/wp-json\/wp\/v2\/comments?post=9532"}],"version-history":[{"count":3,"href":"https:\/\/www.fbg.ub.edu\/es\/wp-json\/wp\/v2\/posts\/9532\/revisions"}],"predecessor-version":[{"id":9538,"href":"https:\/\/www.fbg.ub.edu\/es\/wp-json\/wp\/v2\/posts\/9532\/revisions\/9538"}],"wp:featuredmedia":[{"embeddable":true,"href":"https:\/\/www.fbg.ub.edu\/es\/wp-json\/wp\/v2\/media\/9529"}],"wp:attachment":[{"href":"https:\/\/www.fbg.ub.edu\/es\/wp-json\/wp\/v2\/media?parent=9532"}],"wp:term":[{"taxonomy":"category","embeddable":true,"href":"https:\/\/www.fbg.ub.edu\/es\/wp-json\/wp\/v2\/categories?post=9532"},{"taxonomy":"post_tag","embeddable":true,"href":"https:\/\/www.fbg.ub.edu\/es\/wp-json\/wp\/v2\/tags?post=9532"}],"curies":[{"name":"wp","href":"https:\/\/api.w.org\/{rel}","templated":true}]}}