{"id":9448,"date":"2020-02-04T09:49:39","date_gmt":"2020-02-04T07:49:39","guid":{"rendered":"http:\/\/161.116.26.48\/?p=9448"},"modified":"2020-02-25T10:50:22","modified_gmt":"2020-02-25T08:50:22","slug":"ub-colabora-descubrimiento-nuevo-producto-basado-extractos-vegetales-contra-deterioro-cognitivo","status":"publish","type":"post","link":"https:\/\/www.fbg.ub.edu\/es\/actualidad\/ub-colabora-descubrimiento-nuevo-producto-basado-extractos-vegetales-contra-deterioro-cognitivo\/","title":{"rendered":"La UB colabora en el descubrimiento de un nuevo producto basado en extractos vegetales contra el deterioro cognitivo"},"content":{"rendered":"<p>Un grupo de investigaci\u00f3n liderado por la Dra. Merc\u00e8 Pall\u00e0s, de la Facultad de Farmacia y Ciencias de la Alimentaci\u00f3n de la Universidad de Barcelona y del Instituto de Neurociencias de la UB (UBNeuro), ha colaborado con la empresa biotecnol\u00f3gica Biosearch Life en el desarrollo de una nueva composici\u00f3n que comprende extractos vegetales y DHA (\u00e1cido docosahexaenoico) para su uso en la prevenci\u00f3n o reducci\u00f3n del deterioro cognitivo asociado a la edad.<\/p>\n<p>El objetivo de la investigaci\u00f3n era paliar los cambios que conllevan la disminuci\u00f3n de las capacidades cognitivas durante el envejecimiento cerebral. Aunque el origen de estas modificaciones es diverso, el estr\u00e9s oxidativo, la inflamaci\u00f3n, problemas de vascularizaci\u00f3n o la resistencia a la insulina explican parte de los mecanismos fisiopatol\u00f3gicos de dichas anomal\u00edas del funcionamiento cerebral.<\/p>\n<p>Para seleccionar los ingredientes m\u00e1s adecuados se han utilizado modelos en roedores y pez cebra que ponen de manifiesto las distintas capacidades neuroprotectoras de cada uno de ellos. Los resultados obtenidos muestran una mejora muy importante en las capacidades de memoria a corto y largo plazo, uno de los principales s\u00edntomas asociados a este problema.\u00a0\u00a0 Adem\u00e1s, tambi\u00e9n se muestran mejoras en el aspecto de los ratones, logrando un efecto rejuvenecedor.<\/p>\n<p>La mezcla y sus usos han sido protegidos recientemente mediante el dep\u00f3sito de una nueva solicitud de patente internacional en la Oficina Espa\u00f1ola de Patentes y Marcas cuyo t\u00edtulo es \u201cComposiciones para uso en el tratamiento de trastornos cognitivos\u201d.<\/p>\n","protected":false},"excerpt":{"rendered":"<p>Un grupo de investigaci\u00f3n liderado por la Dra. Merc\u00e8 Pall\u00e0s, de la Facultad de Farmacia y Ciencias de la Alimentaci\u00f3n&#8230;<\/p>\n","protected":false},"author":2,"featured_media":9449,"comment_status":"closed","ping_status":"open","sticky":false,"template":"","format":"standard","meta":{"_acf_changed":false,"inline_featured_image":false,"_monsterinsights_skip_tracking":false,"_monsterinsights_sitenote_active":false,"_monsterinsights_sitenote_note":"","_monsterinsights_sitenote_category":0,"footnotes":""},"categories":[3],"tags":[],"class_list":["post-9448","post","type-post","status-publish","format-standard","has-post-thumbnail","hentry","category-actualidad"],"acf":[],"_links":{"self":[{"href":"https:\/\/www.fbg.ub.edu\/es\/wp-json\/wp\/v2\/posts\/9448","targetHints":{"allow":["GET"]}}],"collection":[{"href":"https:\/\/www.fbg.ub.edu\/es\/wp-json\/wp\/v2\/posts"}],"about":[{"href":"https:\/\/www.fbg.ub.edu\/es\/wp-json\/wp\/v2\/types\/post"}],"author":[{"embeddable":true,"href":"https:\/\/www.fbg.ub.edu\/es\/wp-json\/wp\/v2\/users\/2"}],"replies":[{"embeddable":true,"href":"https:\/\/www.fbg.ub.edu\/es\/wp-json\/wp\/v2\/comments?post=9448"}],"version-history":[{"count":3,"href":"https:\/\/www.fbg.ub.edu\/es\/wp-json\/wp\/v2\/posts\/9448\/revisions"}],"predecessor-version":[{"id":9585,"href":"https:\/\/www.fbg.ub.edu\/es\/wp-json\/wp\/v2\/posts\/9448\/revisions\/9585"}],"wp:featuredmedia":[{"embeddable":true,"href":"https:\/\/www.fbg.ub.edu\/es\/wp-json\/wp\/v2\/media\/9449"}],"wp:attachment":[{"href":"https:\/\/www.fbg.ub.edu\/es\/wp-json\/wp\/v2\/media?parent=9448"}],"wp:term":[{"taxonomy":"category","embeddable":true,"href":"https:\/\/www.fbg.ub.edu\/es\/wp-json\/wp\/v2\/categories?post=9448"},{"taxonomy":"post_tag","embeddable":true,"href":"https:\/\/www.fbg.ub.edu\/es\/wp-json\/wp\/v2\/tags?post=9448"}],"curies":[{"name":"wp","href":"https:\/\/api.w.org\/{rel}","templated":true}]}}