{"id":9034,"date":"2019-11-07T10:50:29","date_gmt":"2019-11-07T08:50:29","guid":{"rendered":"http:\/\/161.116.26.48\/?p=9034"},"modified":"2019-11-07T10:50:29","modified_gmt":"2019-11-07T08:50:29","slug":"recrean-las-intervenciones-quirurgicas-frente-durante-guerra-civil","status":"publish","type":"post","link":"https:\/\/www.fbg.ub.edu\/es\/actualidad\/recrean-las-intervenciones-quirurgicas-frente-durante-guerra-civil\/","title":{"rendered":"Recrean las intervenciones quir\u00fargicas en el frente durante la Guerra Civil"},"content":{"rendered":"<p>Durante la Guerra Civil espa\u00f1ola, dependencias de la mina Loussa, en el municipio de El Molar (Priorat), acogieron un hospital de campa\u00f1a. Ahora, el Grupo de Investigaci\u00f3n Did\u00e1ctica del Patrimonio, Museograf\u00eda Comprensiva y Nuevas Tecnolog\u00edas (<a href=\"http:\/\/www.didpatri.cat\/\" target=\"_blank\" rel=\"noopener\">DIDPATRI<\/a>) de la UB ha recuperado la memoria de aquella labor sanitaria con dos propuestas desarrolladas en el espacio del antiguo hospital: por un lado, una cuidada recreaci\u00f3n escenogr\u00e1fica y piezas audiovisuales que representan las intervenciones quir\u00fargicas tal como se hac\u00edan en pleno frente; por otro, una extraordinaria exposici\u00f3n de m\u00e1s de quinientos instrumentos y elementos de medicina y cirug\u00eda empleados durante la Guerra. El espacio, bautizado como Centro de Interpretaci\u00f3n de El Molar, es una iniciativa del Ayuntamiento de El Molar conjuntamente con DIDPATRI, que ha dise\u00f1ado la museograf\u00eda despu\u00e9s ejecutada por la empresa Mol\u00e8cula. El acuerdo de musealizaci\u00f3n se llev\u00f3 a cabo a trav\u00e9s de la Fundaci\u00f3n Bosch i Gimpera.<\/p>\n<p><a href=\"http:\/\/www.fbg.ub.edu\/es\/actualidad\/xavier-hernandez-intentamos-que-gente-pueda-ver-tocar-y-experimentar-pasado\/\" target=\"_blank\" rel=\"noopener\">Francesc Xavier Hern\u00e1ndez<\/a>, director de DIDPATRI, explica que se ha llevado a cabo \u00abuna audaz propuesta audiovisual: hemos grabado grupos de recreaci\u00f3n hist\u00f3rica, con lo que conseguimos un realismo extremo\u00bb. Destaca la grabaci\u00f3n de la r\u00e9plica de una operaci\u00f3n seg\u00fan el m\u00e9todo Trueta para tratar fracturas, desarrollado por el m\u00e9dico catal\u00e1n Josep Trueta y aplicada por primera vez en la Guerra Civil espa\u00f1ola para luego utilizarse durante la Segunda Guerra Mundial.<\/p>\n<p>Los expertos de DIDPATRI creen que lo m\u00e1s relevante que se exhibe en el nuevo centro es la colecci\u00f3n de cirug\u00eda y medicina de guerra Jordi Jara-Marina Jara, as\u00ed como el legado de la familia Mauri-Serres. Se trata de un conjunto excepcional, en el que destaca el instrumental de transfusi\u00f3n, el kit de amputaciones o la selecci\u00f3n de medicamentos y los botiquines de \u00e9poca. \u00abAlgunas de las piezas son \u00fanicas, y la muestra es la exposici\u00f3n sobre sanidad y cirug\u00eda de guerra mas relevante que se ha visto nunca en el sur de Europa\u00bb, concluye Francesc Xavier Hern\u00e1ndez.<\/p>\n<p><a href=\"https:\/\/www.youtube.com\/watch?v=1PFvSkKAM2A\" target=\"_blank\" rel=\"noopener\">V\u00eddeo presentaci\u00f3n de la exposici\u00f3n<\/a><\/p>\n<p><a href=\"https:\/\/www.ub.edu\/web\/ub\/es\/menu_eines\/noticies\/2019\/11\/004.html?\" target=\"_blank\" rel=\"noopener\">M\u00e1s informaci\u00f3n en la web de la UB<\/a><\/p>\n","protected":false},"excerpt":{"rendered":"<p>Durante la Guerra Civil espa\u00f1ola, dependencias de la mina Loussa, en el municipio de El Molar (Priorat), acogieron un hospital&#8230;<\/p>\n","protected":false},"author":2,"featured_media":9031,"comment_status":"closed","ping_status":"open","sticky":false,"template":"","format":"standard","meta":{"_acf_changed":false,"inline_featured_image":false,"_monsterinsights_skip_tracking":false,"_monsterinsights_sitenote_active":false,"_monsterinsights_sitenote_note":"","_monsterinsights_sitenote_category":0,"footnotes":""},"categories":[3],"tags":[],"class_list":["post-9034","post","type-post","status-publish","format-standard","has-post-thumbnail","hentry","category-actualidad"],"acf":[],"_links":{"self":[{"href":"https:\/\/www.fbg.ub.edu\/es\/wp-json\/wp\/v2\/posts\/9034","targetHints":{"allow":["GET"]}}],"collection":[{"href":"https:\/\/www.fbg.ub.edu\/es\/wp-json\/wp\/v2\/posts"}],"about":[{"href":"https:\/\/www.fbg.ub.edu\/es\/wp-json\/wp\/v2\/types\/post"}],"author":[{"embeddable":true,"href":"https:\/\/www.fbg.ub.edu\/es\/wp-json\/wp\/v2\/users\/2"}],"replies":[{"embeddable":true,"href":"https:\/\/www.fbg.ub.edu\/es\/wp-json\/wp\/v2\/comments?post=9034"}],"version-history":[{"count":1,"href":"https:\/\/www.fbg.ub.edu\/es\/wp-json\/wp\/v2\/posts\/9034\/revisions"}],"predecessor-version":[{"id":9035,"href":"https:\/\/www.fbg.ub.edu\/es\/wp-json\/wp\/v2\/posts\/9034\/revisions\/9035"}],"wp:featuredmedia":[{"embeddable":true,"href":"https:\/\/www.fbg.ub.edu\/es\/wp-json\/wp\/v2\/media\/9031"}],"wp:attachment":[{"href":"https:\/\/www.fbg.ub.edu\/es\/wp-json\/wp\/v2\/media?parent=9034"}],"wp:term":[{"taxonomy":"category","embeddable":true,"href":"https:\/\/www.fbg.ub.edu\/es\/wp-json\/wp\/v2\/categories?post=9034"},{"taxonomy":"post_tag","embeddable":true,"href":"https:\/\/www.fbg.ub.edu\/es\/wp-json\/wp\/v2\/tags?post=9034"}],"curies":[{"name":"wp","href":"https:\/\/api.w.org\/{rel}","templated":true}]}}