{"id":8210,"date":"2019-06-12T07:57:05","date_gmt":"2019-06-12T06:57:05","guid":{"rendered":"http:\/\/161.116.26.48\/?p=8210"},"modified":"2019-06-12T07:57:05","modified_gmt":"2019-06-12T06:57:05","slug":"enlighting-technologies-amplia-capital-450-000-euros-para-su-sistema-iluminacion-inteligente","status":"publish","type":"post","link":"https:\/\/www.fbg.ub.edu\/es\/actualidad\/enlighting-technologies-amplia-capital-450-000-euros-para-su-sistema-iluminacion-inteligente\/","title":{"rendered":"Enlighting Technologies ampl\u00eda capital en 450.000 euros para su sistema de iluminaci\u00f3n inteligente"},"content":{"rendered":"<p>Las personas pasan el 90% de su tiempo bajo luz artificial que condiciona su biorritmo, su estado de \u00e1nimo y sus niveles de actividad. Con la tecnolog\u00eda que se est\u00e1 desarrollando alrededor de la iluminaci\u00f3n, \u00bfpor qu\u00e9 no desarrollar una iluminaci\u00f3n artificial que pueda afectar a las personas de manera positiva? Eso es lo que se preguntaron los investigadores Blas Garrido, Sergi Hern\u00e1ndez y Adri\u00e0 Huguet, de la Universidad de Barcelona, cuando se embarcaron en el desarrollo de una tecnolog\u00eda LED para obtener luz biol\u00f3gicamente adaptada a cada necesidad y energ\u00e9ticamente eficiente. Una luz din\u00e1mica, siguiendo los ciclos circadianos del sol: que por la ma\u00f1ana act\u00fae de energizante, durante el d\u00eda nos mantenga activos y a \u00faltima hora del d\u00eda sea m\u00e1s relajante.<\/p>\n<p>Del desarrollo de esta tecnolog\u00eda naci\u00f3 <a href=\"http:\/\/www.enlighting-tech.com\/\" target=\"_blank\" rel=\"noopener\">Enlighting Technologies<\/a>, <em>spin-off<\/em> de la Universidad de Barcelona. Ahora, BeAble Innvierte Kets Fund, el \u00fanico fondo de Espa\u00f1a especializado en transferencia de tecnolog\u00eda con aplicaci\u00f3n industrial y que constituy\u00f3 la empresa en 2017 junto con los investigadores de la Universidad de Barcelona, ha decidido continuar apostando por el proyecto con una inyecci\u00f3n de capital de 450.000 euros que har\u00e1 crecer la empresa. \u201cCon esta ampliaci\u00f3n la idea es empezar a comercializar todo lo que hemos desarrollado durante los \u00faltimos cinco a\u00f1os\u201d, comenta Adri\u00e0 Huguet, CTO de la empresa. El objetivo de la <em>spin-off<\/em> es cerrar acuerdos con partners industriales que integren su tecnolog\u00eda en sus luminarias o bombillas y trabajar conjuntamente. Hasta el momento la tecnolog\u00eda ha tenido una buena respuesta entre empresas de arquitectura, minoristas y grandes superficies.<\/p>\n<p>Enlighting Technologies est\u00e1 viviendo un 2019 lleno de novedades, ya que a la ampliaci\u00f3n de capital se le suma la llegada en enero de Javier Iglesias, nuevo CEO de la empresa, que aportar\u00e1 experiencia dentro del sector de la iluminaci\u00f3n y una visi\u00f3n comercial para el desarrollo tecnol\u00f3gico. \u201cAnimo a la gente a que se acerque a la universidad. Para m\u00ed era algo totalmente desconocido y me he llevado una grata sorpresa\u201d, concluye.<\/p>\n","protected":false},"excerpt":{"rendered":"<p>Las personas pasan el 90% de su tiempo bajo luz artificial que condiciona su biorritmo, su estado de \u00e1nimo y&#8230;<\/p>\n","protected":false},"author":2,"featured_media":8211,"comment_status":"closed","ping_status":"open","sticky":false,"template":"","format":"standard","meta":{"_acf_changed":false,"inline_featured_image":false,"_monsterinsights_skip_tracking":false,"_monsterinsights_sitenote_active":false,"_monsterinsights_sitenote_note":"","_monsterinsights_sitenote_category":0,"footnotes":""},"categories":[3],"tags":[],"class_list":["post-8210","post","type-post","status-publish","format-standard","has-post-thumbnail","hentry","category-actualidad"],"acf":[],"_links":{"self":[{"href":"https:\/\/www.fbg.ub.edu\/es\/wp-json\/wp\/v2\/posts\/8210","targetHints":{"allow":["GET"]}}],"collection":[{"href":"https:\/\/www.fbg.ub.edu\/es\/wp-json\/wp\/v2\/posts"}],"about":[{"href":"https:\/\/www.fbg.ub.edu\/es\/wp-json\/wp\/v2\/types\/post"}],"author":[{"embeddable":true,"href":"https:\/\/www.fbg.ub.edu\/es\/wp-json\/wp\/v2\/users\/2"}],"replies":[{"embeddable":true,"href":"https:\/\/www.fbg.ub.edu\/es\/wp-json\/wp\/v2\/comments?post=8210"}],"version-history":[{"count":1,"href":"https:\/\/www.fbg.ub.edu\/es\/wp-json\/wp\/v2\/posts\/8210\/revisions"}],"predecessor-version":[{"id":8214,"href":"https:\/\/www.fbg.ub.edu\/es\/wp-json\/wp\/v2\/posts\/8210\/revisions\/8214"}],"wp:featuredmedia":[{"embeddable":true,"href":"https:\/\/www.fbg.ub.edu\/es\/wp-json\/wp\/v2\/media\/8211"}],"wp:attachment":[{"href":"https:\/\/www.fbg.ub.edu\/es\/wp-json\/wp\/v2\/media?parent=8210"}],"wp:term":[{"taxonomy":"category","embeddable":true,"href":"https:\/\/www.fbg.ub.edu\/es\/wp-json\/wp\/v2\/categories?post=8210"},{"taxonomy":"post_tag","embeddable":true,"href":"https:\/\/www.fbg.ub.edu\/es\/wp-json\/wp\/v2\/tags?post=8210"}],"curies":[{"name":"wp","href":"https:\/\/api.w.org\/{rel}","templated":true}]}}