{"id":6564,"date":"2018-12-18T09:48:13","date_gmt":"2018-12-18T08:48:13","guid":{"rendered":"http:\/\/161.116.26.48\/?p=6564"},"modified":"2018-12-18T09:48:13","modified_gmt":"2018-12-18T08:48:13","slug":"mireia-freixa-hay-que-buena-persona-antes-que-gran-investigador","status":"publish","type":"post","link":"https:\/\/www.fbg.ub.edu\/es\/actualidad\/mireia-freixa-hay-que-buena-persona-antes-que-gran-investigador\/","title":{"rendered":"Mireia Freixa \u00abHay que ser buena persona antes que un gran investigador\u00bb"},"content":{"rendered":"<p>Mireia Freixa ha sido directora del Grupo de Investigaci\u00f3n en Historia del Arte y del Dise\u00f1o Contempor\u00e1neos (GRACMON) desde su creaci\u00f3n, en 1986, hasta ahora. A pesar de que ya se ha jubilado de su labor docente, continuar\u00e1 haciendo investigaci\u00f3n durante los pr\u00f3ximos tres a\u00f1os, ahora ya desde un segundo plano como profesora em\u00e9rita.<\/p>\n<p><strong>\u00bfC\u00f3mo ha cambiado la investigaci\u00f3n desde que empez\u00f3 usted?<\/strong><\/p>\n<p>Cuando empec\u00e9, la investigaci\u00f3n era un l\u00e1piz, un papel, un archivo y hacer fichas. He vivido, por tanto, todo el proceso de cambio que ha hecho que la investigaci\u00f3n haya dejado de ser una tarea individual para convertirse en una tarea de grupo. Esto, sin embargo, es algo que yo creo que la universidad a\u00fan no se cree en el caso de las Humanidades. En el \u00e1mbito de las ciencias es obvio, pero en el caso de las letras no se lo creen ni la universidad ni muchas veces los propios investigadores. Con la transferencia en el \u00e1mbito de las letras el rector Rubiralta hizo una gran pol\u00edtica cuando fue vicerrector de Investigaci\u00f3n. Se dio un gran paso adelante y se tom\u00f3 muy en serio el \u00e1mbito de las letras.<\/p>\n<p>El mundo muchas veces no es consciente de que con muy poco dinero invertido, la investigaci\u00f3n en letras da muchos resultados. Nos ha sido imposible conseguir una beca Ram\u00f3n y Cajal, cuando, en el fondo, nuestra investigaci\u00f3n tiene mucho impacto a nivel social, porque es m\u00e1s cercana. Podemos ser igual de punteros que un investigador de ciencias, y adem\u00e1s costamos una mil\u00e9sima parte. Hemos sufrido la crisis como todo el mundo, pero la hemos sufrido absurdamente, porque con un poco m\u00e1s de visi\u00f3n habr\u00edamos podido hacer de todo esto un valor para dar salida a lo que cuesta menos recursos. A la hora de la verdad, con poco dinero hacemos maravillas.<\/p>\n<p><strong>\u00bfQu\u00e9 hacen en GRACMON?<\/strong><\/p>\n<p>En GRACMON nos hemos dedicado, sobre todo, a hablar del Modernismo y del Noucentisme en la ciudad de Barcelona, tanto desde un punto de vista gen\u00e9rico como en temas m\u00e1s concretos. Personalmente he impulsado la investigaci\u00f3n en el campo de las artes aplicadas y decorativas en vinculaci\u00f3n con profesores y profesoras del Departamento de Artes Visuales y Dise\u00f1o de la Facultad de Bellas Artes. Hicimos, desde el inicio, una apuesta por las nuevas tecnolog\u00edas. En historia del arte es b\u00e1sico tener control de imagen, y por eso nos interesamos en ello. Nos caracterizamos por utilizar las nuevas tecnolog\u00edas tanto en la investigaci\u00f3n como a la hora de divulgar los conocimientos. Hemos sido un modelo de c\u00f3mo los grupos de letras pueden salir de la universidad y divulgar el trabajo que hacen de manera rentable. El trabajo de transferencia con el que hemos conseguido m\u00e1s repercusi\u00f3n es en el comisariado de exposiciones para museos y fundaciones. Casi todos comisariados cient\u00edficos porque la gesti\u00f3n de las exposiciones la llevan ellos normalmente. Una de las cosas importantes que tenemos tambi\u00e9n es una l\u00ednea de publicaciones que funciona muy bien. Por otra parte, hemos formado a gente en temas concretos, por ejemplo sobre el mosaico, el vitral, los pavimentos\u2026 Y esto finalmente ha sido incluso una buena salida laboral para esta gente, porque no hay expertos en estos temas, y \u00e9sta pienso que ha sido claramente una de las l\u00edneas de \u00e9xito del grupo.<\/p>\n<p>GRACMON ha tenido la suerte de contar con gente que ha trabajado con ganas y con buena fe. Porque siempre hemos dicho que hab\u00eda que ser buena persona antes que un gran investigador. Y eso no quiere decir que la gente no tenga que ser ambiciosa, pero se tiene que partir de una base colaborativa y no se debe pisar al compa\u00f1ero. Nosotros en el grupo hemos tenido esto siempre muy claro que hay que ser buena persona y que se debe trabajar con un sentido de generosidad.<\/p>\n<p><strong>\u00bfCu\u00e1l es el proyecto con el que m\u00e1s ha disfrutado?<\/strong><\/p>\n<p>He disfrutado con todo, de verdad. Empezamos a hacer transferencia a trav\u00e9s de la Fundaci\u00f3n Bosch i Gimpera a partir del a\u00f1o 2000, y el proyecto de m\u00e1s \u00e9xito ha sido una exposici\u00f3n que hicimos en &#8216;La Pedrera&#8217;. La Fundaci\u00f3n La Pedrera decidi\u00f3 hacer una gran exposici\u00f3n sobre el Modernismo y los convencimos para que, en vez de hacer una exposici\u00f3n sobre grandes normbres, la hicieran sobre el Modernismo desde abajo, desde las artes industriales, aplicadas y decorativas. Llevaba por t\u00edtulo <em>Modernismo. Artes, talleres, industrias. <\/em>\u00a0Finalmente la hicimos as\u00ed y tuvimos 94.000 visitantes. Fue un \u00e9xito absoluto, y la Fundaci\u00f3n Bosch i Gimpera nos lo reconoci\u00f3 con el premio Antoni Caparr\u00f3s al mejor proyecto de transferencia de conocimiento. \u00c9ste quiz\u00e1s podr\u00edamos decir que es el contacto m\u00e1s vistoso que hemos tenido.<\/p>\n<p>Por otra parte, el espacio de encuentro que hice para los trabajadores de la FBG tambi\u00e9n me gust\u00f3. Si hablamos de disfrutar, a m\u00ed el hecho de haber tenido la oportunidad de explicar la investigaci\u00f3n que hacemos en el grupo al personal de la FBG me encant\u00f3.<\/p>\n<p><strong>\u00bfC\u00f3mo ha cambiado la universidad durante estos a\u00f1os?<\/strong><\/p>\n<p>En lo que hemos ganado es con la lucha feminista. A\u00fan queda mucho por hacer, pero se ha ganado much\u00edsimo, porque no nos hemos dejado tomar el pelo. Hemos luchado mucho, y yo creo que lo hemos conseguido. Ahora aqu\u00ed existe la misma discriminaci\u00f3n que hay en todas partes, no es menor de la que pasa fuera, es igual. Estamos tan mal como en otros lugares, o tan bien como en otros. Pero no peor. Siguen mandando los hombres, pero hace treinta a\u00f1os en una facultad en la que la mayor\u00eda de estudiantes eran chicas, todos los profesores eran hombres, y ahora es al rev\u00e9s.<\/p>\n<p><strong>\u00bfLe ha quedado algo en el caj\u00f3n por hacer?<\/strong><\/p>\n<p>Uno debe asumir que se hace mayor, y lo m\u00e1s importante de hacerse mayor es que la gente sepa que tiene que pasar a un segundo plano, porque la gente joven debe adquirir protagonismo. El \u00e9xito es que el investigador principal pase a un segundo plano no cuando se jubila, sino antes. Y eso nosotros lo hemos podido hacer muy bien, porque en nuestro equipo hay gente muy cualificada. Adem\u00e1s, el hecho de ser em\u00e9rita me da la posibilidad de seguir colaborando en muchos proyectos durante tres a\u00f1os. De todos modos, tengo ganas de hacer muchas otras cosas que no tienen nada que ver con la universidad. Me gusta el mar y navegar; tengo ganas de estar con mi familia y mis nietos y quiero escribir un libro de cuentos que se llamar\u00e1 <em>Los cuentos de la abuela despistada<\/em>, que ser\u00e1n historias reales.<\/p>\n<p>&nbsp;<\/p>\n<p><strong>M\u00e1s sobre Mireia Freixa<\/strong><\/p>\n<p><strong>Un personaje hist\u00f3rico<\/strong><\/p>\n<p>Una mujer, no me pregunte cu\u00e1l. Para m\u00ed un personaje hist\u00f3rico ser\u00eda revisar la historia con visi\u00f3n de mujer.<\/p>\n<p><strong>\u00bfQu\u00e9 le gustar\u00eda ver en el futuro?<\/strong><\/p>\n<p>Que la universidad volviera a ser como era hace quince a\u00f1os en cuanto a la investigaci\u00f3n, y que se valorara m\u00e1s la docencia.<\/p>\n<p><strong>Un invento que le d\u00e9 miedo<\/strong><\/p>\n<p>La inteligencia artificial. El \u00fanico robot que me gusta es el que barre.<\/p>\n<p><strong>La FBG es&#8230;<\/strong><\/p>\n<p>\u2026una herramienta para poner la investigaci\u00f3n en contacto con la sociedad. Pienso que esto es una gran tarea. Siempre ha sido muy f\u00e1cil trabajar con la FBG, y eso se agradece much\u00edsimo.<\/p>\n<p>&nbsp;<\/p>\n","protected":false},"excerpt":{"rendered":"<p>Mireia Freixa ha sido directora del Grupo de Investigaci\u00f3n en Historia del Arte y del Dise\u00f1o Contempor\u00e1neos (GRACMON) desde su&#8230;<\/p>\n","protected":false},"author":2,"featured_media":6562,"comment_status":"closed","ping_status":"open","sticky":false,"template":"","format":"standard","meta":{"_acf_changed":false,"inline_featured_image":false,"_monsterinsights_skip_tracking":false,"_monsterinsights_sitenote_active":false,"_monsterinsights_sitenote_note":"","_monsterinsights_sitenote_category":0,"footnotes":""},"categories":[3],"tags":[],"class_list":["post-6564","post","type-post","status-publish","format-standard","has-post-thumbnail","hentry","category-actualidad"],"acf":[],"_links":{"self":[{"href":"https:\/\/www.fbg.ub.edu\/es\/wp-json\/wp\/v2\/posts\/6564","targetHints":{"allow":["GET"]}}],"collection":[{"href":"https:\/\/www.fbg.ub.edu\/es\/wp-json\/wp\/v2\/posts"}],"about":[{"href":"https:\/\/www.fbg.ub.edu\/es\/wp-json\/wp\/v2\/types\/post"}],"author":[{"embeddable":true,"href":"https:\/\/www.fbg.ub.edu\/es\/wp-json\/wp\/v2\/users\/2"}],"replies":[{"embeddable":true,"href":"https:\/\/www.fbg.ub.edu\/es\/wp-json\/wp\/v2\/comments?post=6564"}],"version-history":[{"count":1,"href":"https:\/\/www.fbg.ub.edu\/es\/wp-json\/wp\/v2\/posts\/6564\/revisions"}],"predecessor-version":[{"id":6565,"href":"https:\/\/www.fbg.ub.edu\/es\/wp-json\/wp\/v2\/posts\/6564\/revisions\/6565"}],"wp:featuredmedia":[{"embeddable":true,"href":"https:\/\/www.fbg.ub.edu\/es\/wp-json\/wp\/v2\/media\/6562"}],"wp:attachment":[{"href":"https:\/\/www.fbg.ub.edu\/es\/wp-json\/wp\/v2\/media?parent=6564"}],"wp:term":[{"taxonomy":"category","embeddable":true,"href":"https:\/\/www.fbg.ub.edu\/es\/wp-json\/wp\/v2\/categories?post=6564"},{"taxonomy":"post_tag","embeddable":true,"href":"https:\/\/www.fbg.ub.edu\/es\/wp-json\/wp\/v2\/tags?post=6564"}],"curies":[{"name":"wp","href":"https:\/\/api.w.org\/{rel}","templated":true}]}}