{"id":6524,"date":"2018-12-11T10:52:54","date_gmt":"2018-12-11T09:52:54","guid":{"rendered":"http:\/\/161.116.26.48\/?p=6524"},"modified":"2018-12-11T10:52:54","modified_gmt":"2018-12-11T09:52:54","slug":"abierta-convocatoria-para-presentar-retos-y-soluciones-open-innovation-forum-2019","status":"publish","type":"post","link":"https:\/\/www.fbg.ub.edu\/es\/actualidad\/abierta-convocatoria-para-presentar-retos-y-soluciones-open-innovation-forum-2019\/","title":{"rendered":"Abierta la convocatoria para presentar retos y soluciones en el Open Innovation Forum 2019"},"content":{"rendered":"<p><span lang=\"ES\">Ya est\u00e1 aqu\u00ed la 2\u00aa edici\u00f3n del\u00a0<a title=\"Open Innovation Forum\" href=\"http:\/\/openinnovationforum2019.talkb2b.net\/es\" target=\"_blank\" rel=\"noopener\">Open Innovation Forum<\/a>, un Programa de Innovaci\u00f3n Abierto que permite las empresas lanzar sus retos de innovaci\u00f3n y obtener propuestas de soluciones de la mano de grupos y centros de investigaci\u00f3n.<\/span><\/p>\n<p><span lang=\"ES\">El Open Innovation Forum se estructura en seis \u00e1mbitos de conocimiento (salud, alimentaci\u00f3n, qu\u00edmica, biotech\/medtech cosm\u00e9tica y energ\u00eda). Las empresas o agentes interesados \u200b\u200bque quieran participar pueden\u00a0<a title=\"Propuesta Open Innovation Forum\" href=\"http:\/\/openinnovationforum2019.talkb2b.net\/es\" target=\"_blank\" rel=\"noopener\">enviar su propuesta<\/a>\u00a0hasta finales de 2019, por lo que durante todo el a\u00f1o se podr\u00e1n recibir retos de innovaci\u00f3n. Durante el 2019 se organizar\u00e1n diversos actos para que tanto empresas como solucionadores puedan encontrarse cara a cara.<\/span><\/p>\n<p><span lang=\"ES\">Una comisi\u00f3n valorar\u00e1 estos desaf\u00edos y escoger\u00e1 los m\u00e1s relevantes, que recibir\u00e1n\u00a0feedback\u00a0sobre posibles soluciones -por parte de centros de investigaci\u00f3n de universidades y agentes de innovaci\u00f3n catalanes- y ser\u00e1n convocados a\u00a0encuentros con los solucionadores. El tiempo entre el env\u00edo del reto y la recepci\u00f3n de la propuesta de soluci\u00f3n ser\u00e1 de aproximadamente 60 d\u00edas.<\/span><\/p>\n<p><span lang=\"ES\">El Open Innovation Forum est\u00e1 organitzado por\u00a0<a title=\"Biocat\" href=\"https:\/\/www.biocat.cat\/es\" target=\"_blank\" rel=\"noopener\">Biocat<\/a>, la\u00a0<a title=\"Fundaci\u00f3 Bosch i Gimpera\" href=\"http:\/\/www.fbg.ub.edu\/es\/\" target=\"_blank\" rel=\"noopener\">Fundaci\u00f3 Bosch i Gimpera<\/a>, la\u00a0<a title=\"Universitat Pompeu Fabra\" href=\"https:\/\/www.upf.edu\/inicio\" target=\"_blank\" rel=\"noopener\">Universitat Pompeu Fabra<\/a>,\u00a0<a title=\"UPF Ventures\" href=\"http:\/\/upfventures.com\/\" target=\"_blank\" rel=\"noopener\">UPF Ventures<\/a>, la\u00a0<a title=\"Universitat Aut\u00f2noma de Barcelona\" href=\"https:\/\/www.uab.cat\/web\/universitat-autonoma-de-barcelona-1345467954409.html\" target=\"_blank\" rel=\"noopener\">Universitat Aut\u00f2noma de Barcelona<\/a>, el\u00a0<a title=\"Parc de Recerca de la UAB\" href=\"https:\/\/www.uab.cat\/web\/parc-de-recerca-uab-1345468452269.html\" target=\"_blank\" rel=\"noopener\">Parc de Recerca de la UAB<\/a>, la\u00a0<a title=\"Universitat Polit\u00e8cnica de Catalunya\" href=\"https:\/\/www.upc.edu\/es?set_language=es\">Universitat Polit\u00e8cnica de Catalunya<\/a>,\u00a0<a title=\"IDIBELL\" href=\"http:\/\/www.idibell.cat\/es\" target=\"_blank\" rel=\"noopener\">IDIBELL<\/a>\u00a0y\u00a0<a title=\"ACCI\u00d3\" href=\"http:\/\/www.accio.gencat.cat\/ca\/inici\" target=\"_blank\" rel=\"noopener\">ACCI\u00d3<\/a>. La primera edici\u00f3n del Open Innovation Forum, en 2017, cont\u00f3 con casi 150 participantes, 54 organizaciones, 76 retos y 131 reuniones.<\/span><\/p>\n<p><span lang=\"ES\">En caso de duda, contacta con la Project Manager de Innovaci\u00f3n de Biocat (<a href=\"&#x6d;&#97;i&#x6c;&#x74;&#111;:&#x6d;&#x63;&#108;o&#x74;&#x65;&#116;&#64;&#x62;&#x69;&#111;c&#x61;&#116;&#46;c&#x61;&#116;\">&#x6d;c&#x6c;&#111;t&#x65;&#116;&#x40;&#x62;i&#x6f;&#99;a&#x74;&#46;&#x63;&#97;t<\/a>\u00a0o +34 93 310 33 30).<\/span><\/p>\n","protected":false},"excerpt":{"rendered":"<p>Ya est\u00e1 aqu\u00ed la 2\u00aa edici\u00f3n del\u00a0Open Innovation Forum, un Programa de Innovaci\u00f3n Abierto que permite las empresas lanzar sus&#8230;<\/p>\n","protected":false},"author":2,"featured_media":6523,"comment_status":"closed","ping_status":"open","sticky":false,"template":"","format":"standard","meta":{"_acf_changed":false,"inline_featured_image":false,"_monsterinsights_skip_tracking":false,"_monsterinsights_sitenote_active":false,"_monsterinsights_sitenote_note":"","_monsterinsights_sitenote_category":0,"footnotes":""},"categories":[3],"tags":[],"class_list":["post-6524","post","type-post","status-publish","format-standard","has-post-thumbnail","hentry","category-actualidad"],"acf":[],"_links":{"self":[{"href":"https:\/\/www.fbg.ub.edu\/es\/wp-json\/wp\/v2\/posts\/6524","targetHints":{"allow":["GET"]}}],"collection":[{"href":"https:\/\/www.fbg.ub.edu\/es\/wp-json\/wp\/v2\/posts"}],"about":[{"href":"https:\/\/www.fbg.ub.edu\/es\/wp-json\/wp\/v2\/types\/post"}],"author":[{"embeddable":true,"href":"https:\/\/www.fbg.ub.edu\/es\/wp-json\/wp\/v2\/users\/2"}],"replies":[{"embeddable":true,"href":"https:\/\/www.fbg.ub.edu\/es\/wp-json\/wp\/v2\/comments?post=6524"}],"version-history":[{"count":3,"href":"https:\/\/www.fbg.ub.edu\/es\/wp-json\/wp\/v2\/posts\/6524\/revisions"}],"predecessor-version":[{"id":6527,"href":"https:\/\/www.fbg.ub.edu\/es\/wp-json\/wp\/v2\/posts\/6524\/revisions\/6527"}],"wp:featuredmedia":[{"embeddable":true,"href":"https:\/\/www.fbg.ub.edu\/es\/wp-json\/wp\/v2\/media\/6523"}],"wp:attachment":[{"href":"https:\/\/www.fbg.ub.edu\/es\/wp-json\/wp\/v2\/media?parent=6524"}],"wp:term":[{"taxonomy":"category","embeddable":true,"href":"https:\/\/www.fbg.ub.edu\/es\/wp-json\/wp\/v2\/categories?post=6524"},{"taxonomy":"post_tag","embeddable":true,"href":"https:\/\/www.fbg.ub.edu\/es\/wp-json\/wp\/v2\/tags?post=6524"}],"curies":[{"name":"wp","href":"https:\/\/api.w.org\/{rel}","templated":true}]}}