{"id":5375,"date":"2018-03-25T08:36:45","date_gmt":"2018-03-25T07:36:45","guid":{"rendered":"http:\/\/161.116.26.48\/?p=5375"},"modified":"2018-05-25T08:39:12","modified_gmt":"2018-05-25T07:39:12","slug":"fbg-recibe-ayuda-programa-desarrollo-rural-cataluna-2","status":"publish","type":"post","link":"https:\/\/www.fbg.ub.edu\/es\/actualidad\/fbg-recibe-ayuda-programa-desarrollo-rural-cataluna-2\/","title":{"rendered":"La FBG recibe una ayuda del Programa de desarrollo rural de Catalu\u00f1a"},"content":{"rendered":"<p>El Dr. Joan Romany\u00e0, del Departamento de Biolog\u00eda, Sanidad y Medio Ambiente de la Facultad de Biolog\u00eda de la Universidad de Barcelona, ha recibido una Ayuda a las actividades de demostraci\u00f3n (operaci\u00f3n 01.02.01 del Programa de desarrollo rural de Catalu\u00f1a 2014-2020) por valor de 29.970 \u20ac.<\/p>\n<p>El proyecto, con n\u00famero de expediente 5603001702017 P4, tiene como objetivo la divulgaci\u00f3n de la relaci\u00f3n positiva entre el aumento de materia org\u00e1nica en la tierra, la biodiversidad microbiana, la fertilidad y la resistencia a enfermedades a partir de compuesto rico en carbono en tierras hort\u00edcolas.<\/p>\n<p>Proyecto financiado a trav\u00e9s de la Operaci\u00f3n 16.010. (cooperaci\u00f3n por la innovaci\u00f3n) del PDR de Catalu\u00f1a 2014-2020.<\/p>\n<p><img loading=\"lazy\" decoding=\"async\" class=\"alignnone wp-image-5365\" src=\"http:\/\/www.fbg.ub.edu\/wp-content\/uploads\/2018\/05\/Logo_agricultura_h3-380x66.jpg\" alt=\"\" width=\"305\" height=\"53\" srcset=\"https:\/\/www.fbg.ub.edu\/wp-content\/uploads\/2018\/05\/Logo_agricultura_h3-380x66.jpg 380w, https:\/\/www.fbg.ub.edu\/wp-content\/uploads\/2018\/05\/Logo_agricultura_h3.jpg 604w\" sizes=\"auto, (max-width: 305px) 100vw, 305px\" \/><img loading=\"lazy\" decoding=\"async\" class=\"alignnone wp-image-5368\" src=\"http:\/\/www.fbg.ub.edu\/wp-content\/uploads\/2018\/05\/Logo_FEADER-Europa-inverteix-en-les-zones-rurals-380x67.png\" alt=\"\" width=\"323\" height=\"57\" srcset=\"https:\/\/www.fbg.ub.edu\/wp-content\/uploads\/2018\/05\/Logo_FEADER-Europa-inverteix-en-les-zones-rurals-380x67.png 380w, https:\/\/www.fbg.ub.edu\/wp-content\/uploads\/2018\/05\/Logo_FEADER-Europa-inverteix-en-les-zones-rurals.png 480w\" sizes=\"auto, (max-width: 323px) 100vw, 323px\" \/><\/p>\n","protected":false},"excerpt":{"rendered":"<p>El Dr. Joan Romany\u00e0, del Departamento de Biolog\u00eda, Sanidad y Medio Ambiente de la Facultad de Biolog\u00eda de la Universidad&#8230;<\/p>\n","protected":false},"author":2,"featured_media":0,"comment_status":"closed","ping_status":"open","sticky":false,"template":"","format":"standard","meta":{"_acf_changed":false,"inline_featured_image":false,"_monsterinsights_skip_tracking":false,"_monsterinsights_sitenote_active":false,"_monsterinsights_sitenote_note":"","_monsterinsights_sitenote_category":0,"footnotes":""},"categories":[3],"tags":[],"class_list":["post-5375","post","type-post","status-publish","format-standard","hentry","category-actualidad"],"acf":[],"_links":{"self":[{"href":"https:\/\/www.fbg.ub.edu\/es\/wp-json\/wp\/v2\/posts\/5375","targetHints":{"allow":["GET"]}}],"collection":[{"href":"https:\/\/www.fbg.ub.edu\/es\/wp-json\/wp\/v2\/posts"}],"about":[{"href":"https:\/\/www.fbg.ub.edu\/es\/wp-json\/wp\/v2\/types\/post"}],"author":[{"embeddable":true,"href":"https:\/\/www.fbg.ub.edu\/es\/wp-json\/wp\/v2\/users\/2"}],"replies":[{"embeddable":true,"href":"https:\/\/www.fbg.ub.edu\/es\/wp-json\/wp\/v2\/comments?post=5375"}],"version-history":[{"count":1,"href":"https:\/\/www.fbg.ub.edu\/es\/wp-json\/wp\/v2\/posts\/5375\/revisions"}],"predecessor-version":[{"id":5376,"href":"https:\/\/www.fbg.ub.edu\/es\/wp-json\/wp\/v2\/posts\/5375\/revisions\/5376"}],"wp:attachment":[{"href":"https:\/\/www.fbg.ub.edu\/es\/wp-json\/wp\/v2\/media?parent=5375"}],"wp:term":[{"taxonomy":"category","embeddable":true,"href":"https:\/\/www.fbg.ub.edu\/es\/wp-json\/wp\/v2\/categories?post=5375"},{"taxonomy":"post_tag","embeddable":true,"href":"https:\/\/www.fbg.ub.edu\/es\/wp-json\/wp\/v2\/tags?post=5375"}],"curies":[{"name":"wp","href":"https:\/\/api.w.org\/{rel}","templated":true}]}}