{"id":3108,"date":"2016-10-16T13:29:33","date_gmt":"2016-10-16T12:29:33","guid":{"rendered":"http:\/\/161.116.26.48\/?p=3108"},"modified":"2017-11-08T13:55:31","modified_gmt":"2017-11-08T12:55:31","slug":"sergi-munne-futuro-universidad-pasa-por-combinar-conocimiento-basico-y-transferencia","status":"publish","type":"post","link":"https:\/\/www.fbg.ub.edu\/es\/actualidad\/sergi-munne-futuro-universidad-pasa-por-combinar-conocimiento-basico-y-transferencia\/","title":{"rendered":"Sergi Munn\u00e9: \u00abEl futuro de la universidad pasa por combinar conocimiento b\u00e1sico y transferencia\u00bb"},"content":{"rendered":"<p>El proyecto para &#8216;despertar a los \u00e1rboles&#8217; desarrollado entre el grupo de investigaci\u00f3n ANTIOX, de la Facultad de Biolog\u00eda, y la empresa Biovert ha conseguido un lugar entre las mejores experiencias universidad-empresa en el Atlas de la Innovaci\u00f3n en Catalu\u00f1a 2016. Sergi Munn\u00e9, especialista en fisiolog\u00eda vegetal, lidera el grupo de investigaci\u00f3n de la Universidad de Barcelona.<\/p>\n<p><strong>\u00bfQu\u00e9 quieren decir con &#8216;el despertar de los \u00e1rboles&#8217;?<\/strong><\/p>\n<p>Se trata de una met\u00e1fora. Las cerezas salen de las flores y las flores derivan de las yemas florales. Estas yemas florales est\u00e1n en dormici\u00f3n durante todo el invierno y en primavera se despiertan con la rotura de esta dormici\u00f3n. El despertar de los \u00e1rboles hace referencia a esto. La idea era desarrollar un producto nuevo para provocar que la rotura de la dormici\u00f3n de las yemas fuera uniforme: si todas las flores salen a la vez, todos los frutos se producir\u00e1n en el mismo momento y entonces se podr\u00e1 hacer la cosecha de todos los \u00e1rboles a la vez. Sirve para lograr una producci\u00f3n lo m\u00e1s uniforme y productiva posible.<br \/>\n<strong>\u00bfEn qu\u00e9 m\u00e1s trabaja ANTIOX?<\/strong><\/p>\n<p>En el departamento tenemos dos l\u00edneas de investigaci\u00f3n completamente distintas. La primera, relacionada con el \u00e1mbito de la ecolog\u00eda vegetal, estudia mediante\u00a0investigaci\u00f3n b\u00e1sica\u00a0c\u00f3mo responden las plantas al estr\u00e9s ambiental (sequ\u00edas, temperaturas extremas, radiaci\u00f3n&#8230;). La otra l\u00ednea que trabajamos, que denominamos Antiox Agrifood Biotech, est\u00e1 relacionada con la fisiolog\u00eda vegetal dentro del campo de la agricultura de la alimentaci\u00f3n y la biotecnolog\u00eda. Es en el marco de esta l\u00ednea en el que hacemos m\u00e1s proyectos de transferencia con empresas. Son dos ramas que parece que est\u00e9n muy alejadas, pero en realidad muchas veces se tocan.<br \/>\n<strong>\u00bfQu\u00e9 opini\u00f3n tiene sobre la transferencia de conocimiento?<\/strong><\/p>\n<p>Para la universidad es muy importante transferir el conocimiento que genera, que no se quede \u00fanicamente en los art\u00edculos cient\u00edficos, sino que llegue a la sociedad. Que investigadores que han hecho su tesis doctoral en la universidad despu\u00e9s trabajen en una empresa tambi\u00e9n es una forma de transferencia de conocimiento. Es una manera de acercar ambos mundos, que est\u00e1n muy pr\u00f3ximos el uno del otro. Desde el punto de vista de la financiaci\u00f3n, las cosas est\u00e1n bastante mal ahora mismo como para dedicarse exclusivamente a la investigaci\u00f3n b\u00e1sica.<\/p>\n<p>La clave, en el futuro, es combinar las dos cosas. Si tienes conocimientos b\u00e1sicos podr\u00e1s innovar a largo plazo, y si innovas podr\u00e1s generar m\u00e1s conocimientos b\u00e1sicos. Una cosa se retroalimenta de la otra. El futuro pasa por intentar hacer una universidad que en parte se dedique tambi\u00e9n a innovar y que intervenga en proyectos con empresas, pero con una base de investigaci\u00f3n b\u00e1sica. Si perdemos la investigaci\u00f3n b\u00e1sica, se morir\u00e1 la universidad como generador y transmisor de conocimientos.<br \/>\n<strong>\u00bfC\u00f3mo se puede potenciar la relaci\u00f3n entre universidad y empresa?<\/strong><\/p>\n<p>Hay que gestionar los investigadores externamente y acercarlos al mundo de la empresa. Muchas veces es tan importante saber hacer alguna cosa como informar a la gente de qu\u00e9 herramientas hay en la universidad para ello. Lo ideal ser\u00eda que una empresa tuviera su propio departamento de I+D con gente formada en la universidad, porque de esta manera estar\u00edamos transfiriendo capital humano. Esto me gustar\u00eda m\u00e1s que los proyectos de colaboraci\u00f3n entre universidad y empresa.<br \/>\n<strong>\u00bfC\u00f3mo ve la situaci\u00f3n de la innovaci\u00f3n en Catalu\u00f1a en comparaci\u00f3n con la de otros pa\u00edses?<\/strong><\/p>\n<p>Yo creo que no hay que mirar si somos o no la mejor universidad espa\u00f1ola, sino que debemos compararnos con otras universidades europeas. A m\u00ed no me vale que seamos la primera universidad espa\u00f1ola si somos la ciento y pico de todo el mundo. Debemos intentar ser competitivos con los alemanes, los franceses, los ingleses, los estadounidenses&#8230; Es algo que est\u00e1 pendiente desde el punto de vista de la transferencia: hay que transferir m\u00e1s desde Espa\u00f1a hacia fuera.\u00a0Tenemos que intentar conseguir que una empresa alemana no vaya a buscar preferentemente un\u00a0partner\u00a0franc\u00e9s, o dan\u00e9s, sino que tambi\u00e9n vea con buenos ojos uno italiano o uno espa\u00f1ol.<br \/>\n<strong>M\u00e1s sobre Sergi Munn\u00e9<\/strong><\/p>\n<p><strong>Cualidad que m\u00e1s detesta de un investigador:<\/strong><br \/>\nQuiz\u00e1 la envidia es lo que m\u00e1s da\u00f1o hace en el mundo universitario. En general, la envidia es un sentimiento humano que hace bastante da\u00f1o en todas partes.<\/p>\n<p><strong>El mejor invento de la historia:<\/strong><br \/>\nLa escritura. Porque sin ella no podr\u00edamos comunicar nada de lo que hacemos.<\/p>\n<p><strong>El peor invento de la historia:<\/strong><br \/>\nLa bomba at\u00f3mica, que adem\u00e1s deriva de un conocimiento cient\u00edfico.<\/p>\n<p><strong>La Fundaci\u00f3n Bosch i Gimpera es&#8230;<\/strong><br \/>\n&#8230;esencial, porque si no existiera faltar\u00eda el\u00a0networking. Las empresas no sabr\u00edan qu\u00e9 hacemos los grupos de investigaci\u00f3n, y es muy importante transmit\u00edrselo, porque a las empresas les cuesta acercarse a las universidades. Para m\u00ed esta es la tarea m\u00e1s importante que lleva a cabo la Fundaci\u00f3n Bosch i Gimpera.<\/p>\n","protected":false},"excerpt":{"rendered":"<p>El proyecto para &#8216;despertar a los \u00e1rboles&#8217; desarrollado entre el grupo de investigaci\u00f3n ANTIOX, de la Facultad de Biolog\u00eda, y&#8230;<\/p>\n","protected":false},"author":2,"featured_media":3106,"comment_status":"closed","ping_status":"open","sticky":false,"template":"","format":"standard","meta":{"_acf_changed":false,"inline_featured_image":false,"_monsterinsights_skip_tracking":false,"_monsterinsights_sitenote_active":false,"_monsterinsights_sitenote_note":"","_monsterinsights_sitenote_category":0,"footnotes":""},"categories":[3],"tags":[],"class_list":["post-3108","post","type-post","status-publish","format-standard","has-post-thumbnail","hentry","category-actualidad"],"acf":[],"_links":{"self":[{"href":"https:\/\/www.fbg.ub.edu\/es\/wp-json\/wp\/v2\/posts\/3108","targetHints":{"allow":["GET"]}}],"collection":[{"href":"https:\/\/www.fbg.ub.edu\/es\/wp-json\/wp\/v2\/posts"}],"about":[{"href":"https:\/\/www.fbg.ub.edu\/es\/wp-json\/wp\/v2\/types\/post"}],"author":[{"embeddable":true,"href":"https:\/\/www.fbg.ub.edu\/es\/wp-json\/wp\/v2\/users\/2"}],"replies":[{"embeddable":true,"href":"https:\/\/www.fbg.ub.edu\/es\/wp-json\/wp\/v2\/comments?post=3108"}],"version-history":[{"count":1,"href":"https:\/\/www.fbg.ub.edu\/es\/wp-json\/wp\/v2\/posts\/3108\/revisions"}],"predecessor-version":[{"id":3109,"href":"https:\/\/www.fbg.ub.edu\/es\/wp-json\/wp\/v2\/posts\/3108\/revisions\/3109"}],"wp:featuredmedia":[{"embeddable":true,"href":"https:\/\/www.fbg.ub.edu\/es\/wp-json\/wp\/v2\/media\/3106"}],"wp:attachment":[{"href":"https:\/\/www.fbg.ub.edu\/es\/wp-json\/wp\/v2\/media?parent=3108"}],"wp:term":[{"taxonomy":"category","embeddable":true,"href":"https:\/\/www.fbg.ub.edu\/es\/wp-json\/wp\/v2\/categories?post=3108"},{"taxonomy":"post_tag","embeddable":true,"href":"https:\/\/www.fbg.ub.edu\/es\/wp-json\/wp\/v2\/tags?post=3108"}],"curies":[{"name":"wp","href":"https:\/\/api.w.org\/{rel}","templated":true}]}}