{"id":3025,"date":"2016-12-01T10:34:32","date_gmt":"2016-12-01T09:34:32","guid":{"rendered":"http:\/\/161.116.26.48\/?p=3025"},"modified":"2017-11-07T10:42:45","modified_gmt":"2017-11-07T09:42:45","slug":"fbg-obtiene-dos-ayudas-para-promocion-empleo-joven-e-implantacion-garantia-juvenil-idi","status":"publish","type":"post","link":"https:\/\/www.fbg.ub.edu\/es\/actualidad\/fbg-obtiene-dos-ayudas-para-promocion-empleo-joven-e-implantacion-garantia-juvenil-idi\/","title":{"rendered":"La FBG obtiene dos ayudas para la Promoci\u00f3n de Empleo Joven e Implantaci\u00f3n de la Garant\u00eda Juvenil en I+D+i"},"content":{"rendered":"<p>La Fundaci\u00f3n Bosch i Gimpera ha obtenido dos ayudas p\u00fablicas de la convocatoria 2014 del Ministerio de Econom\u00eda y Competitividad para la Promoci\u00f3n de Empleo Joven e Implantaci\u00f3n de la Garant\u00eda Juvenil en I+D+i en el Subprograma Estatal de Incorporaci\u00f3n, del Programa Estatal de Promoci\u00f3n del Talento y su Empleabilidad, para contratar dos titulados universitarios en el desarrollo de las tareas de Gesti\u00f3n de la I+D+I (referencia Actuaci\u00f3n PEJ-2014-a-83491 y referencia personal contratado PEJ-2014-P-00896 ) y Promoci\u00f3n de la investigaci\u00f3n colaborativa universidad-empresa (Referencia PEJ-2014-A-36.667 mil y referencia personal contratado PEJ-2014-P-00897). La actividad subvencionada se enmarca en el Sistema Nacional de Garant\u00eda Juvenil y est\u00e1 cofinanciada por el Fondo Social Europeo.<\/p>\n<p><img loading=\"lazy\" decoding=\"async\" class=\"alignnone wp-image-3026\" src=\"http:\/\/www.fbg.ub.edu\/wp-content\/uploads\/2017\/11\/FONDO-SOCIAL-EUROPEO-380x96.jpg\" alt=\"\" width=\"250\" height=\"63\" srcset=\"https:\/\/www.fbg.ub.edu\/wp-content\/uploads\/2017\/11\/FONDO-SOCIAL-EUROPEO-380x96.jpg 380w, https:\/\/www.fbg.ub.edu\/wp-content\/uploads\/2017\/11\/FONDO-SOCIAL-EUROPEO-768x193.jpg 768w, https:\/\/www.fbg.ub.edu\/wp-content\/uploads\/2017\/11\/FONDO-SOCIAL-EUROPEO-1024x258.jpg 1024w\" sizes=\"auto, (max-width: 250px) 100vw, 250px\" \/><img loading=\"lazy\" decoding=\"async\" class=\"alignnone wp-image-2862\" src=\"http:\/\/www.fbg.ub.edu\/wp-content\/uploads\/2017\/01\/LOGO-MINECO-380x100.jpg\" alt=\"\" width=\"250\" height=\"66\" \/><\/p>\n","protected":false},"excerpt":{"rendered":"<p>La Fundaci\u00f3n Bosch i Gimpera ha obtenido dos ayudas p\u00fablicas de la convocatoria 2014 del Ministerio de Econom\u00eda y Competitividad&#8230;<\/p>\n","protected":false},"author":2,"featured_media":0,"comment_status":"closed","ping_status":"open","sticky":false,"template":"","format":"standard","meta":{"_acf_changed":false,"inline_featured_image":false,"_monsterinsights_skip_tracking":false,"_monsterinsights_sitenote_active":false,"_monsterinsights_sitenote_note":"","_monsterinsights_sitenote_category":0,"footnotes":""},"categories":[3],"tags":[],"class_list":["post-3025","post","type-post","status-publish","format-standard","hentry","category-actualidad"],"acf":[],"_links":{"self":[{"href":"https:\/\/www.fbg.ub.edu\/es\/wp-json\/wp\/v2\/posts\/3025","targetHints":{"allow":["GET"]}}],"collection":[{"href":"https:\/\/www.fbg.ub.edu\/es\/wp-json\/wp\/v2\/posts"}],"about":[{"href":"https:\/\/www.fbg.ub.edu\/es\/wp-json\/wp\/v2\/types\/post"}],"author":[{"embeddable":true,"href":"https:\/\/www.fbg.ub.edu\/es\/wp-json\/wp\/v2\/users\/2"}],"replies":[{"embeddable":true,"href":"https:\/\/www.fbg.ub.edu\/es\/wp-json\/wp\/v2\/comments?post=3025"}],"version-history":[{"count":1,"href":"https:\/\/www.fbg.ub.edu\/es\/wp-json\/wp\/v2\/posts\/3025\/revisions"}],"predecessor-version":[{"id":3029,"href":"https:\/\/www.fbg.ub.edu\/es\/wp-json\/wp\/v2\/posts\/3025\/revisions\/3029"}],"wp:attachment":[{"href":"https:\/\/www.fbg.ub.edu\/es\/wp-json\/wp\/v2\/media?parent=3025"}],"wp:term":[{"taxonomy":"category","embeddable":true,"href":"https:\/\/www.fbg.ub.edu\/es\/wp-json\/wp\/v2\/categories?post=3025"},{"taxonomy":"post_tag","embeddable":true,"href":"https:\/\/www.fbg.ub.edu\/es\/wp-json\/wp\/v2\/tags?post=3025"}],"curies":[{"name":"wp","href":"https:\/\/api.w.org\/{rel}","templated":true}]}}