{"id":23949,"date":"2025-12-04T10:50:41","date_gmt":"2025-12-04T08:50:41","guid":{"rendered":"https:\/\/www.fbg.ub.edu\/?p=23949"},"modified":"2025-12-04T10:50:41","modified_gmt":"2025-12-04T08:50:41","slug":"la-universidad-de-barcelona-desarrollara-un-farmaco-basado-en-la-epigenetica-contra-la-enfermedad-de-alzheimer","status":"publish","type":"post","link":"https:\/\/www.fbg.ub.edu\/es\/actualidad\/la-universidad-de-barcelona-desarrollara-un-farmaco-basado-en-la-epigenetica-contra-la-enfermedad-de-alzheimer\/","title":{"rendered":"La Universidad de Barcelona desarrollar\u00e1 un f\u00e1rmaco basado en la epigen\u00e9tica contra la enfermedad de Alzheimer"},"content":{"rendered":"<p data-start=\"380\" data-end=\"1206\">La Universidad de Barcelona (UB) ha recibido de la AGAUR una ayuda Producto de 150.000 euros para desarrollar un f\u00e1rmaco basado en la epigen\u00e9tica contra la enfermedad de Alzheimer. Se trata de un enfoque pionero que podr\u00eda aplicarse tambi\u00e9n en el tratamiento de otras patolog\u00edas del sistema nervioso central como la enfermedad de Huntington o la de Parkinson.<\/p>\n<p data-start=\"380\" data-end=\"1206\">El proyecto est\u00e1 liderado por el Dr. Christian Gri\u00f1\u00e1n Ferr\u00e9, investigador del Departamento de Farmacolog\u00eda, Toxicolog\u00eda y Qu\u00edmica Terap\u00e9utica de la Facultad de Farmacia y Ciencias de la Alimentaci\u00f3n y del Instituto de Neurociencias de la UB. Tambi\u00e9n participa la investigadora predoctoral Alba Irisarri, como cient\u00edfica emprendedora, otros miembros del grupo as\u00ed como miembros de la misma facultad del \u00e1rea de Qu\u00edmica M\u00e9dica, del grupo del Dr. Diego Mu\u00f1oz-Torrero.<\/p>\n<p data-start=\"1208\" data-end=\"1465\">Seg\u00fan el Dr. Gri\u00f1\u00e1n, \u201clos tratamientos principales contra el Alzheimer proporcionan un alivio de la sintomatolog\u00eda de la enfermedad sin frenar su progresi\u00f3n. Ante la necesidad urgente de nuevos tratamientos, la epigen\u00e9tica ofrece un enfoque muy prometedor\u201d.<\/p>\n<p data-start=\"1467\" data-end=\"2054\">En esta l\u00ednea, el nuevo proyecto se basa en una innovadora estrategia terap\u00e9utica dirigida a la regulaci\u00f3n epigen\u00e9tica, es decir, a los mecanismos que controlan c\u00f3mo se expresan los genes sin modificar la secuencia del ADN \u2014la mol\u00e9cula que contiene la informaci\u00f3n gen\u00e9tica de las c\u00e9lulas\u2014. En particular, se centra en modular m6A, una marca qu\u00edmica que se a\u00f1ade al ARN (la mol\u00e9cula que transmite la informaci\u00f3n del ADN y gu\u00eda la s\u00edntesis de prote\u00ednas). Este mecanismo es clave para el funcionamiento neuronal y est\u00e1 implicado en la neurodegeneraci\u00f3n que tiene lugar durante el Alzheimer.<\/p>\n<p data-start=\"2056\" data-end=\"2570\">Los investigadores han desarrollado un nuevo compuesto capaz de modular de manera efectiva los niveles de m6A, revirtiendo as\u00ed procesos patol\u00f3gicos clave en este trastorno neurodegenerativo. \u201cA diferencia de los tratamientos est\u00e1ndar para los trastornos del sistema nervioso central, la modulaci\u00f3n epigen\u00e9tica mediante nuestro compuesto mejora la plasticidad sin\u00e1ptica y la memoria regulando la estabilidad y la traducci\u00f3n del ARNm (un tipo concreto de ARN que transporta la informaci\u00f3n gen\u00e9tica)\u201d, explica Gri\u00f1\u00e1n.<\/p>\n<p data-start=\"2572\" data-end=\"2981\">Estudios preliminares con este nuevo compuesto \u2014en el marco tambi\u00e9n de una ayuda Semilla de AGAUR\u2014 han demostrado un efecto neuroprotector en modelos animales de la enfermedad de Alzheimer. Tambi\u00e9n han mostrado excelentes perfiles de seguridad y de permeabilidad a trav\u00e9s de la barrera hematoencef\u00e1lica, uno de los principales retos en el desarrollo de f\u00e1rmacos para enfermedades del sistema nervioso central.<\/p>\n<p data-start=\"2983\" data-end=\"3767\"><strong data-start=\"2983\" data-end=\"3025\">Mecanismo com\u00fan con otras enfermedades<\/strong><br data-start=\"3025\" data-end=\"3028\" \/>El hecho de que el mecanismo epigen\u00e9tico al que se dirige el f\u00e1rmaco est\u00e9 implicado en m\u00faltiples trastornos del sistema nervioso central hace que pueda tener aplicaciones terap\u00e9uticas m\u00e1s all\u00e1 de la enfermedad de Alzheimer. En la enfermedad de Huntington, la desregulaci\u00f3n de m6A afecta al metabolismo del ARN y promueve la neurotoxicidad; en el Parkinson, la alteraci\u00f3n de los niveles de m6A perjudica el metabolismo del ARN y la funci\u00f3n neuronal, agravando los s\u00edntomas motores. \u201cEl nuevo compuesto es un f\u00e1rmaco pionero, con el potencial de convertirse en un nuevo est\u00e1ndar de atenci\u00f3n en \u00e1reas con necesidades cl\u00ednicas y comerciales no cubiertas, como el Alzheimer, el Parkinson o la enfermedad de Huntington\u201d, destaca el investigador.<\/p>\n<p data-start=\"3769\" data-end=\"4272\"><strong data-start=\"3769\" data-end=\"3834\">Nuevos experimentos para reforzar la valorizaci\u00f3n del f\u00e1rmaco<\/strong><br data-start=\"3834\" data-end=\"3837\" \/>El objetivo del proyecto es llevar el nuevo compuesto hasta la fase de desarrollo precl\u00ednico regulador. Esto implica llevar a cabo diversos estudios in vivo en modelos de rat\u00f3n de la enfermedad de Alzheimer para demostrar su eficacia. Paralelamente, se realizar\u00e1n experimentos in vitro, como cultivos celulares, para determinar la dosis \u00f3ptima, as\u00ed como ensayos de toxicidad y supervivencia para reforzar la valorizaci\u00f3n del compuesto.<\/p>\n<p data-start=\"4274\" data-end=\"5084\"><strong data-start=\"4274\" data-end=\"4315\">Impacto en los ODS de Naciones Unidas<\/strong><br data-start=\"4315\" data-end=\"4318\" \/>El proyecto contribuye de manera directa a varios Objetivos de Desarrollo Sostenible (ODS) de Naciones Unidas. Por un lado, impulsa el ODS 3 (Salud y bienestar) al promover soluciones terap\u00e9uticas innovadoras que pueden mejorar el tratamiento y la prevenci\u00f3n de enfermedades neurodegenerativas. Adem\u00e1s, fomenta el ODS 8 (Trabajo decente y crecimiento econ\u00f3mico) al generar nuevas oportunidades laborales en el \u00e1mbito de la investigaci\u00f3n biom\u00e9dica, la producci\u00f3n farmac\u00e9utica y la atenci\u00f3n sanitaria especializada. Finalmente, el potencial de este enfoque para reducir las desigualdades en el acceso a tratamientos avanzados apoya el ODS 10 (Reducci\u00f3n de las desigualdades), contribuyendo a disminuir las brechas sanitarias y econ\u00f3micas entre poblaciones vulnerables.<\/p>\n<p data-start=\"5086\" data-end=\"5394\">El proyecto, con n\u00famero de expediente 2025 PROD 00007, se enmarca en la convocatoria Industria del Conocimiento en la modalidad \u201cAyudas Producto destinadas a la obtenci\u00f3n de prototipos y a la valorizaci\u00f3n y transferencia de los resultados de investigaci\u00f3n generados por equipos de investigaci\u00f3n de Catalu\u00f1a\u201d. La ayuda la otorga el Departamento de Investigaci\u00f3n y Universidades de Catalu\u00f1a y est\u00e1 destinado a financiar la valorizaci\u00f3n de tecnolog\u00eda o conocimiento generados por equipos de investigaci\u00f3n en Catalu\u00f1a.<\/p>\n","protected":false},"excerpt":{"rendered":"<p>La Universidad de Barcelona (UB) ha recibido de la AGAUR una ayuda Producto de 150.000 euros para desarrollar un f\u00e1rmaco&#8230;<\/p>\n","protected":false},"author":2,"featured_media":23956,"comment_status":"closed","ping_status":"open","sticky":false,"template":"","format":"standard","meta":{"_acf_changed":false,"inline_featured_image":false,"_monsterinsights_skip_tracking":false,"_monsterinsights_sitenote_active":false,"_monsterinsights_sitenote_note":"","_monsterinsights_sitenote_category":0,"footnotes":""},"categories":[3],"tags":[],"class_list":["post-23949","post","type-post","status-publish","format-standard","has-post-thumbnail","hentry","category-actualidad"],"acf":[],"_links":{"self":[{"href":"https:\/\/www.fbg.ub.edu\/es\/wp-json\/wp\/v2\/posts\/23949","targetHints":{"allow":["GET"]}}],"collection":[{"href":"https:\/\/www.fbg.ub.edu\/es\/wp-json\/wp\/v2\/posts"}],"about":[{"href":"https:\/\/www.fbg.ub.edu\/es\/wp-json\/wp\/v2\/types\/post"}],"author":[{"embeddable":true,"href":"https:\/\/www.fbg.ub.edu\/es\/wp-json\/wp\/v2\/users\/2"}],"replies":[{"embeddable":true,"href":"https:\/\/www.fbg.ub.edu\/es\/wp-json\/wp\/v2\/comments?post=23949"}],"version-history":[{"count":2,"href":"https:\/\/www.fbg.ub.edu\/es\/wp-json\/wp\/v2\/posts\/23949\/revisions"}],"predecessor-version":[{"id":23958,"href":"https:\/\/www.fbg.ub.edu\/es\/wp-json\/wp\/v2\/posts\/23949\/revisions\/23958"}],"wp:featuredmedia":[{"embeddable":true,"href":"https:\/\/www.fbg.ub.edu\/es\/wp-json\/wp\/v2\/media\/23956"}],"wp:attachment":[{"href":"https:\/\/www.fbg.ub.edu\/es\/wp-json\/wp\/v2\/media?parent=23949"}],"wp:term":[{"taxonomy":"category","embeddable":true,"href":"https:\/\/www.fbg.ub.edu\/es\/wp-json\/wp\/v2\/categories?post=23949"},{"taxonomy":"post_tag","embeddable":true,"href":"https:\/\/www.fbg.ub.edu\/es\/wp-json\/wp\/v2\/tags?post=23949"}],"curies":[{"name":"wp","href":"https:\/\/api.w.org\/{rel}","templated":true}]}}