{"id":23740,"date":"2025-11-19T13:19:02","date_gmt":"2025-11-19T11:19:02","guid":{"rendered":"https:\/\/www.fbg.ub.edu\/?p=23740"},"modified":"2025-11-19T13:19:02","modified_gmt":"2025-11-19T11:19:02","slug":"la-ub-impulsa-un-estudio-pionero-para-transformar-el-acompanamiento-en-las-unidades-neonatales-y-redisenar-el-apoyo-a-familias-con-bebes-prematuros","status":"publish","type":"post","link":"https:\/\/www.fbg.ub.edu\/es\/actualidad\/la-ub-impulsa-un-estudio-pionero-para-transformar-el-acompanamiento-en-las-unidades-neonatales-y-redisenar-el-apoyo-a-familias-con-bebes-prematuros\/","title":{"rendered":"La UB impulsa un estudio pionero para transformar el acompa\u00f1amiento en las unidades neonatales y redise\u00f1ar el apoyo a familias con beb\u00e9s prematuros"},"content":{"rendered":"<p data-start=\"84\" data-end=\"573\">Coincidiendo con la celebraci\u00f3n del D\u00eda Mundial del Prematuro, el 17 de noviembre, la Universidad de Barcelona (UB), a trav\u00e9s de su oficina de transferencia de conocimiento, la Fundaci\u00f3n Bosch i Gimpera (FBG), ha firmado un convenio con Som Prematurs para llevar a cabo el Estudio AEFNUN (Acompa\u00f1amiento Experto en las Unidades Neonatales).<\/p>\n<p data-start=\"575\" data-end=\"1000\">El estudio AEFNUN tiene como objetivo evaluar y redise\u00f1ar el programa de acompa\u00f1amiento experto en unidades neonatales, analizando su impacto real \u2014emocional, pr\u00e1ctico y relacional\u2014 en familias y profesionales. Es un proyecto pionero que puede convertirse en un referente cient\u00edfico, acad\u00e9mico y social, y que aspira a consolidar un nuevo modelo de atenci\u00f3n neonatal centrado en las familias y en los cuidados del desarrollo.<\/p>\n<p data-start=\"1002\" data-end=\"1466\">El macroproyecto est\u00e1 liderado por Som Prematurs, bajo la coordinaci\u00f3n de Elisabet Farga i Carrera, presidenta de la entidad, mientras que la investigaci\u00f3n se dirige desde la UB por la Dra. Ver\u00f2nica Violant, profesora de la Facultad de Educaci\u00f3n e investigadora principal del proyecto desde la FBG. El estudio cuenta tambi\u00e9n con la participaci\u00f3n de la Universitat Rovira i Virgili, con la Dra. Leticia Bazo, y de la Sociedad Espa\u00f1ola de Enfermer\u00eda Neonatal (SEEN).<\/p>\n<h3 data-start=\"1468\" data-end=\"1514\">Acto oficial del D\u00eda Mundial del Prematuro<\/h3>\n<p data-start=\"1516\" data-end=\"1792\">El domingo 23 de noviembre de 2025 se celebrar\u00e1 el acto oficial del D\u00eda Mundial del Prematuro, organizado por Som Prematurs, en el CosmoCaixa Barcelona, en el que se presentar\u00e1 p\u00fablicamente el proyecto AEFNUN ante diversas instituciones y personalidades pol\u00edticas de Catalu\u00f1a.<\/p>\n<p data-start=\"1794\" data-end=\"1983\">Este evento, que cuenta con una amplia representaci\u00f3n del sector sanitario, social e institucional, constituir\u00e1 una oportunidad clave para reforzar la visibilidad y el alcance del proyecto.<\/p>\n<p data-start=\"1985\" data-end=\"2044\">&lt;&lt; Para consultar m\u00e1s informaci\u00f3n del acto, haga <a href=\"https:\/\/somprematurs.cat\/dia-mundial-del-prematur\/\">clic aqu\u00ed<\/a>.<\/p>\n","protected":false},"excerpt":{"rendered":"<p>Coincidiendo con la celebraci\u00f3n del D\u00eda Mundial del Prematuro, el 17 de noviembre, la Universidad de Barcelona (UB), a trav\u00e9s&#8230;<\/p>\n","protected":false},"author":2,"featured_media":23736,"comment_status":"closed","ping_status":"open","sticky":false,"template":"","format":"standard","meta":{"_acf_changed":false,"inline_featured_image":false,"_monsterinsights_skip_tracking":false,"_monsterinsights_sitenote_active":false,"_monsterinsights_sitenote_note":"","_monsterinsights_sitenote_category":0,"footnotes":""},"categories":[3],"tags":[],"class_list":["post-23740","post","type-post","status-publish","format-standard","has-post-thumbnail","hentry","category-actualidad"],"acf":[],"_links":{"self":[{"href":"https:\/\/www.fbg.ub.edu\/es\/wp-json\/wp\/v2\/posts\/23740","targetHints":{"allow":["GET"]}}],"collection":[{"href":"https:\/\/www.fbg.ub.edu\/es\/wp-json\/wp\/v2\/posts"}],"about":[{"href":"https:\/\/www.fbg.ub.edu\/es\/wp-json\/wp\/v2\/types\/post"}],"author":[{"embeddable":true,"href":"https:\/\/www.fbg.ub.edu\/es\/wp-json\/wp\/v2\/users\/2"}],"replies":[{"embeddable":true,"href":"https:\/\/www.fbg.ub.edu\/es\/wp-json\/wp\/v2\/comments?post=23740"}],"version-history":[{"count":1,"href":"https:\/\/www.fbg.ub.edu\/es\/wp-json\/wp\/v2\/posts\/23740\/revisions"}],"predecessor-version":[{"id":23741,"href":"https:\/\/www.fbg.ub.edu\/es\/wp-json\/wp\/v2\/posts\/23740\/revisions\/23741"}],"wp:featuredmedia":[{"embeddable":true,"href":"https:\/\/www.fbg.ub.edu\/es\/wp-json\/wp\/v2\/media\/23736"}],"wp:attachment":[{"href":"https:\/\/www.fbg.ub.edu\/es\/wp-json\/wp\/v2\/media?parent=23740"}],"wp:term":[{"taxonomy":"category","embeddable":true,"href":"https:\/\/www.fbg.ub.edu\/es\/wp-json\/wp\/v2\/categories?post=23740"},{"taxonomy":"post_tag","embeddable":true,"href":"https:\/\/www.fbg.ub.edu\/es\/wp-json\/wp\/v2\/tags?post=23740"}],"curies":[{"name":"wp","href":"https:\/\/api.w.org\/{rel}","templated":true}]}}