{"id":23430,"date":"2025-10-20T09:50:32","date_gmt":"2025-10-20T07:50:32","guid":{"rendered":"https:\/\/www.fbg.ub.edu\/?p=23430"},"modified":"2025-10-20T09:50:32","modified_gmt":"2025-10-20T07:50:32","slug":"nace-flavii-therapeutics-una-spin-off-de-la-ub-para-desarrollar-terapias-epigeneticas-contra-el-alzheimer","status":"publish","type":"post","link":"https:\/\/www.fbg.ub.edu\/es\/actualidad\/nace-flavii-therapeutics-una-spin-off-de-la-ub-para-desarrollar-terapias-epigeneticas-contra-el-alzheimer\/","title":{"rendered":"Nace Flavii Therapeutics, una \u2018spin-off\u2019 de la UB para desarrollar terapias epigen\u00e9ticas contra el Alzheimer"},"content":{"rendered":"<p data-start=\"126\" data-end=\"723\">La enfermedad de Alzheimer es la causa m\u00e1s frecuente de demencia, con m\u00e1s de 50 millones de personas afectadas en todo el mundo y, actualmente, no dispone de ning\u00fan tratamiento farmacol\u00f3gico efectivo. Con el objetivo de afrontar este reto, la Universidad de Barcelona (UB) ha impulsado la creaci\u00f3n de la <em data-start=\"430\" data-end=\"440\">spin-off<\/em> Flavii Therapeutics, especializada en el desarrollo de f\u00e1rmacos basados en la epigen\u00e9tica para combatir el Alzheimer. Esta estrategia pionera abre tambi\u00e9n la puerta al dise\u00f1o de medicamentos para otras enfermedades neurodegenerativas como la enfermedad de Huntington o el Parkinson.<\/p>\n<p data-start=\"725\" data-end=\"1127\">Los socios fundadores de la nueva empresa son Christian Gri\u00f1\u00e1n-Ferr\u00e9, profesor del Departamento de Farmacolog\u00eda, Toxicolog\u00eda y Qu\u00edmica Terap\u00e9utica de la Facultad de Farmacia y Ciencias de la Alimentaci\u00f3n de la UB y miembro del Instituto de Neurociencias; la investigadora posdoctoral del mismo departamento Aina Bellver, y Ariadna Boloix, encargada de la parte de gesti\u00f3n y transferencia de la empresa.<\/p>\n<p data-start=\"1129\" data-end=\"1555\">El proyecto tiene su origen en la tesis doctoral del Dr. Gri\u00f1\u00e1n-Ferr\u00e9, y la posterior investigaci\u00f3n con la Dra. Bellver. Sin embargo, seg\u00fan destacan los dos fundadores, la creaci\u00f3n de Flavii Therapeutics es el fruto de las sinergias generadas durante a\u00f1os de colaboraci\u00f3n cient\u00edfica, proyectos de investigaci\u00f3n e iniciativas de transferencia de conocimiento entre los grupos de Qu\u00edmica M\u00e9dica y de Farmacolog\u00eda de la Facultad.<\/p>\n<p data-start=\"1557\" data-end=\"1617\"><strong data-start=\"1557\" data-end=\"1617\">Mecanismos epigen\u00e9ticos para frenar la neurodegeneraci\u00f3n<\/strong><\/p>\n<p data-start=\"1619\" data-end=\"2151\">Flavii Therapeutics se centra en el desarrollo de f\u00e1rmacos dirigidos a la regulaci\u00f3n epigen\u00e9tica \u2014es decir, los cambios en el ADN causados por la edad y los factores ambientales que no modifican la secuencia gen\u00e9tica\u2014 relevantes para la progresi\u00f3n de la enfermedad. \u201cHay muchos factores que intervienen en el envejecimiento y una de las causas es la epigen\u00e9tica. Cuando estas modificaciones epigen\u00e9ticas est\u00e1n alteradas aparecen enfermedades asociadas al envejecimiento, que es el caso del Alzheimer\u201d, explica Cristian Gri\u00f1\u00e1n-Ferr\u00e9.<\/p>\n<p data-start=\"2153\" data-end=\"2665\">Este enfoque supone un cambio de paradigma respecto a la investigaci\u00f3n y los tratamientos de los \u00faltimos 30 a\u00f1os contra el Alzheimer, que se han dirigido fundamentalmente a la acumulaci\u00f3n de las prote\u00ednas beta-amiloides y Tau, sin conseguir revertir la progresi\u00f3n de la enfermedad. \u201cNo tenemos claro si estas prote\u00ednas son la causa o la consecuencia del Alzheimer. Adem\u00e1s, es un fen\u00f3meno que se da en fases avanzadas de la enfermedad, cuando quiz\u00e1 es demasiado tarde para los tratamientos\u201d, destaca Aina Bellver.<\/p>\n<p data-start=\"2667\" data-end=\"3364\">Las terapias epigen\u00e9ticas act\u00faan en fases m\u00e1s iniciales del proceso de neurodegeneraci\u00f3n, lo que abre una ventana de oportunidad para abordar otras enfermedades del sistema nervioso. \u201cTodas estas patolog\u00edas comparten la acumulaci\u00f3n an\u00f3mala de prote\u00ednas, que interfiere en el funcionamiento normal de las c\u00e9lulas neuronales. Mediante la modulaci\u00f3n farmacol\u00f3gica de v\u00edas moleculares epigen\u00e9ticas en fases iniciales, podemos favorecer la eliminaci\u00f3n de estas acumulaciones t\u00f3xicas. Los mecanismos epigen\u00e9ticos funcionan as\u00ed como un hub de regulaci\u00f3n global, influyendo sobre m\u00faltiples procesos celulares y contribuyendo a frenar la progresi\u00f3n de diferentes enfermedades neurodegenerativas\u201d, explican.<\/p>\n<p data-start=\"3366\" data-end=\"3905\">En concreto, los investigadores han dise\u00f1ado una nueva clase de inhibidores de la metiltransferasa G9a, una mol\u00e9cula que promueve cambios epigen\u00e9ticos implicados en el aprendizaje y la formaci\u00f3n de la memoria, con un papel cr\u00edtico en diversas enfermedades neurodegenerativas. El nuevo compuesto ha mostrado una gran potencia y selectividad para bloquear esta mol\u00e9cula y ha sido capaz de atravesar la barrera hematoencef\u00e1lica que protege el cerebro, logrando mejorar diferentes marcadores del Alzheimer en modelos animales de la enfermedad.<\/p>\n<p data-start=\"3907\" data-end=\"3953\"><strong data-start=\"3907\" data-end=\"3953\">Hacia los estudios precl\u00ednicos reguladores<\/strong><\/p>\n<p data-start=\"3955\" data-end=\"4322\">Ante estos avances, el objetivo de Flavii Therapeutics es iniciar los estudios precl\u00ednicos reguladores del nuevo f\u00e1rmaco en Alzheimer y, probablemente, tambi\u00e9n en la enfermedad de Huntington. Estos estudios tienen como finalidad evaluar la seguridad, la eficacia y la toxicidad del compuesto en modelos animales antes de poder iniciar los ensayos cl\u00ednicos en humanos.<\/p>\n<p data-start=\"4324\" data-end=\"4852\">Este progreso se fundamenta en un dise\u00f1o farmacol\u00f3gico innovador que ha permitido superar los principales obst\u00e1culos que hab\u00edan impedido que inhibidores de G9a llegaran a fase cl\u00ednica: el nuevo compuesto act\u00faa de manera espec\u00edfica sobre G9a, sin interferir con otras dianas similares, lo que reduce significativamente su toxicidad. Adem\u00e1s, ha sido concebido desde el principio para abordar enfermedades neurodegenerativas, a diferencia de otros, derivados de tratamientos contra el c\u00e1ncer y reutilizados para otras indicaciones.<\/p>\n<p data-start=\"4854\" data-end=\"4904\"><strong data-start=\"4854\" data-end=\"4904\">Apuesta por los trastornos del neurodesarrollo<\/strong><\/p>\n<p data-start=\"4906\" data-end=\"5335\">Otra l\u00ednea de investigaci\u00f3n de la empresa se centra en los trastornos del neurodesarrollo, ya que estudios previos han sugerido que las mismas dianas epigen\u00e9ticas podr\u00edan estar tambi\u00e9n implicadas en estas condiciones. Esta l\u00ednea de trabajo tiene, adem\u00e1s, un componente personal: la hija del Dr. Gri\u00f1\u00e1n-Ferr\u00e9 padece una de estas enfermedades y es, de hecho, la inspiraci\u00f3n del nombre de la empresa, ya que la ni\u00f1a se llama Flavia.<\/p>\n<p data-start=\"5337\" data-end=\"5398\"><strong data-start=\"5337\" data-end=\"5398\">De la investigaci\u00f3n b\u00e1sica a la creaci\u00f3n de la <em data-start=\"5386\" data-end=\"5396\">spin-off<\/em><\/strong><\/p>\n<p data-start=\"5400\" data-end=\"6085\">La creaci\u00f3n de la nueva <em data-start=\"5424\" data-end=\"5434\">spin-off<\/em> llega despu\u00e9s de completar todo el recorrido del programa Industria del Conocimiento, promovido desde el Departamento de Investigaci\u00f3n y Universidades de la Generalitat de Catalu\u00f1a para el apoyo a la transferencia del conocimiento. As\u00ed, la investigaci\u00f3n que ha dado lugar a Flavii Therapeutics ha superado con \u00e9xito las tres modalidades de ayudas (Semillas, Producto, Innovadores), cubriendo todas las fases del proceso de valorizaci\u00f3n: desde los prototipos, pruebas de concepto y la caracterizaci\u00f3n del complejo farmacol\u00f3gico, hasta la creaci\u00f3n de la <em data-start=\"5987\" data-end=\"5997\">spin-off<\/em> y la contrataci\u00f3n de perfiles especializados y la creaci\u00f3n finalmente de la <em data-start=\"6074\" data-end=\"6084\">spin-off<\/em>.<\/p>\n<p data-start=\"6087\" data-end=\"6640\">El Dr. Jordi Camarasa, decano de la Facultad de Farmacia y Ciencias de la Alimentaci\u00f3n, ha puesto en valor el nacimiento de esta empresa. \u201cLa creaci\u00f3n de Flavii Therapeutics es un paso adelante en la transferencia de conocimiento de nuestra facultad. Este proyecto, surgido de la investigaci\u00f3n b\u00e1sica y consolidado con a\u00f1os de colaboraci\u00f3n cient\u00edfica, ejemplifica c\u00f3mo el talento y la innovaci\u00f3n de nuestro profesorado e investigadores se pueden traducir en nuevas oportunidades terap\u00e9uticas contra el Alzheimer y otras enfermedades neurodegenerativas.\u201d<\/p>\n","protected":false},"excerpt":{"rendered":"<p>La enfermedad de Alzheimer es la causa m\u00e1s frecuente de demencia, con m\u00e1s de 50 millones de personas afectadas en&#8230;<\/p>\n","protected":false},"author":2,"featured_media":23439,"comment_status":"closed","ping_status":"open","sticky":false,"template":"","format":"standard","meta":{"_acf_changed":false,"inline_featured_image":false,"_monsterinsights_skip_tracking":false,"_monsterinsights_sitenote_active":false,"_monsterinsights_sitenote_note":"","_monsterinsights_sitenote_category":0,"footnotes":""},"categories":[3],"tags":[],"class_list":["post-23430","post","type-post","status-publish","format-standard","has-post-thumbnail","hentry","category-actualidad"],"acf":[],"_links":{"self":[{"href":"https:\/\/www.fbg.ub.edu\/es\/wp-json\/wp\/v2\/posts\/23430","targetHints":{"allow":["GET"]}}],"collection":[{"href":"https:\/\/www.fbg.ub.edu\/es\/wp-json\/wp\/v2\/posts"}],"about":[{"href":"https:\/\/www.fbg.ub.edu\/es\/wp-json\/wp\/v2\/types\/post"}],"author":[{"embeddable":true,"href":"https:\/\/www.fbg.ub.edu\/es\/wp-json\/wp\/v2\/users\/2"}],"replies":[{"embeddable":true,"href":"https:\/\/www.fbg.ub.edu\/es\/wp-json\/wp\/v2\/comments?post=23430"}],"version-history":[{"count":2,"href":"https:\/\/www.fbg.ub.edu\/es\/wp-json\/wp\/v2\/posts\/23430\/revisions"}],"predecessor-version":[{"id":23433,"href":"https:\/\/www.fbg.ub.edu\/es\/wp-json\/wp\/v2\/posts\/23430\/revisions\/23433"}],"wp:featuredmedia":[{"embeddable":true,"href":"https:\/\/www.fbg.ub.edu\/es\/wp-json\/wp\/v2\/media\/23439"}],"wp:attachment":[{"href":"https:\/\/www.fbg.ub.edu\/es\/wp-json\/wp\/v2\/media?parent=23430"}],"wp:term":[{"taxonomy":"category","embeddable":true,"href":"https:\/\/www.fbg.ub.edu\/es\/wp-json\/wp\/v2\/categories?post=23430"},{"taxonomy":"post_tag","embeddable":true,"href":"https:\/\/www.fbg.ub.edu\/es\/wp-json\/wp\/v2\/tags?post=23430"}],"curies":[{"name":"wp","href":"https:\/\/api.w.org\/{rel}","templated":true}]}}