{"id":23278,"date":"2025-10-08T10:09:07","date_gmt":"2025-10-08T08:09:07","guid":{"rendered":"https:\/\/www.fbg.ub.edu\/?p=23278"},"modified":"2025-10-08T10:09:09","modified_gmt":"2025-10-08T08:09:09","slug":"la-ub-recibe-13-millones-de-euros-de-financiacion-para-impulsar-quince-proyectos-innovadores-hacia-el-sector-productivo","status":"publish","type":"post","link":"https:\/\/www.fbg.ub.edu\/es\/actualidad\/la-ub-recibe-13-millones-de-euros-de-financiacion-para-impulsar-quince-proyectos-innovadores-hacia-el-sector-productivo\/","title":{"rendered":"La UB recibe 1,3 millones de euros de financiaci\u00f3n para impulsar quince proyectos innovadores hacia el sector productivo"},"content":{"rendered":"<p data-start=\"216\" data-end=\"612\">La Universidad de Barcelona (UB), a trav\u00e9s de la Fundaci\u00f3n Bosch i Gimpera (FBG), su oficina de transferencia de conocimiento (OTC), ha recibido un total de 1.295.100 euros de financiaci\u00f3n para el desarrollo de quince proyectos innovadores en el marco de la convocatoria de Ayudas de Industria del Conocimiento 2025 del Departamento de Investigaci\u00f3n y Universidades de la Generalitat de Catalu\u00f1a.<\/p>\n<p data-start=\"614\" data-end=\"987\">Los quince proyectos financiados en la UB reflejan su capacidad para generar soluciones innovadoras a los grandes retos de la sociedad. Las iniciativas abarcan \u00e1mbitos tan diversos como la salud, la alimentaci\u00f3n, la sostenibilidad, los nuevos materiales o las tecnolog\u00edas digitales, y muestran la voluntad de impulsar avances que mejoren la calidad de vida de las personas.<\/p>\n<p data-start=\"989\" data-end=\"1476\">A trav\u00e9s de estos proyectos, la UB trabaja para trasladar el conocimiento a la sociedad, con propuestas que van desde nuevos tratamientos para enfermedades hasta estrategias para mejorar los alimentos o descontaminar el agua y el aire. Esta investigaci\u00f3n aplicada demuestra c\u00f3mo el conocimiento puede transformarse en un impacto real y es una clara muestra del liderazgo de la universidad en la transferencia de conocimiento, as\u00ed como de su compromiso con el progreso econ\u00f3mico y social.<\/p>\n<p data-start=\"1478\" data-end=\"1700\">La convocatoria, promovida por la Agencia de Gesti\u00f3n de Ayudas Universitarias y de Investigaci\u00f3n (AGAUR), tiene como objetivo impulsar el conocimiento generado en el entorno cient\u00edfico para que llegue al tejido productivo.<\/p>\n<h3 data-start=\"1707\" data-end=\"1775\"><strong data-start=\"1711\" data-end=\"1775\">Proyectos innovadores para incorporarse al sector productivo<\/strong><\/h3>\n<p data-start=\"1777\" data-end=\"1968\">El programa de Ayudas de Industria del Conocimiento 2025 se divide en tres modalidades seg\u00fan la madurez de los proyectos y las ideas innovadoras: la modalidad Semilla, Producto e Innovadores.<\/p>\n<p data-start=\"1970\" data-end=\"2273\">Dentro de estos quince proyectos, hay dos que se desarrollar\u00e1n en colaboraci\u00f3n con otras instituciones del sistema de investigaci\u00f3n e innovaci\u00f3n de Catalu\u00f1a, lo que pone de manifiesto la capacidad de la Universidad de Barcelona para establecer sinergias e impulsar proyectos compartidos de alto impacto.<\/p>\n<p data-start=\"2275\" data-end=\"2600\">De los 15 proyectos seleccionados en esta convocatoria, cuatro pertenecen a la modalidad Semilla, financiados con 20.000 euros por proyecto; siete pertenecen a la modalidad Producto, con una financiaci\u00f3n aproximada de 150.000 euros cada uno; y cuatro a la modalidad Innovadores, con una financiaci\u00f3n de 84.000 euros cada uno.<\/p>\n<p data-start=\"2602\" data-end=\"2857\">La modalidad <strong data-start=\"2615\" data-end=\"2626\">Semilla<\/strong> est\u00e1 destinada a financiar proyectos de innovaci\u00f3n que se encuentran en las fases iniciales de madurez tecnol\u00f3gica. Los cuatro proyectos de la UB seleccionados en esta modalidad suman un total de 80.000 euros y son los siguientes:<\/p>\n<p data-start=\"2859\" data-end=\"2884\"><strong data-start=\"2859\" data-end=\"2882\">Facultad de Qu\u00edmica<\/strong><\/p>\n<ul>\n<li data-start=\"2887\" data-end=\"3096\">Dra. Irene Garcia Cano, del Departamento de Ciencia de Materiales y Qu\u00edmica F\u00edsica, con el proyecto <em data-start=\"2987\" data-end=\"3094\"><em data-start=\"2987\" data-end=\"3094\">FotoDescon. Paneles fotocatal\u00edticos descontaminantes para entornos urbanos basados en material reciclado.<\/em><\/em><\/li>\n<li data-start=\"2887\" data-end=\"3096\">Dr. Ignacio Sir\u00e9s Sadornil, del mismo departamento, con el proyecto <em data-start=\"3167\" data-end=\"3264\">CYANH3. Captura selectiva de nitratos en aguas contaminadas y valorizaci\u00f3n verde como amon\u00edaco.<\/em><\/li>\n<\/ul>\n<p data-start=\"3266\" data-end=\"3322\"><strong data-start=\"3266\" data-end=\"3320\">Facultad de Farmacia y Ciencias de la Alimentaci\u00f3n<\/strong><\/p>\n<ul>\n<li data-start=\"3325\" data-end=\"3563\">Dr. Raimon Sabat\u00e9 Lagunas, del Departamento de Farmacia y Tecnolog\u00eda Farmac\u00e9utica y Fisicoqu\u00edmica, con el proyecto <em data-start=\"3440\" data-end=\"3561\"><em data-start=\"3440\" data-end=\"3561\">AmyloVi. Amyloid-Based Viral Entry Inhibitors: A Targeted Strategy Against SARS-CoV-2 and Emerging Respiratory Viruses.<\/em><\/em><\/li>\n<li data-start=\"3325\" data-end=\"3563\">Dra. M. Carmen Vidal Carou, del Departamento de Nutrici\u00f3n, Ciencias de la Alimentaci\u00f3n y Gastronom\u00eda, con el proyecto <em data-start=\"3684\" data-end=\"3812\">LegSprout-Tech. Technological Valorization of Legume Sprouts to Improve the Safety and Quality of Plant-Based Fermented Foods.<\/em><\/li>\n<\/ul>\n<p data-start=\"3814\" data-end=\"4150\">Los siete proyectos de la UB incluidos en la modalidad <strong data-start=\"3869\" data-end=\"3881\">Producto<\/strong> suman un total de 879.110 euros y servir\u00e1n para financiar proyectos destinados a la obtenci\u00f3n de prototipos con el fin de reducir las incertidumbres sobre la viabilidad t\u00e9cnica y comercial de la tecnolog\u00eda en desarrollo. Los proyectos seleccionados son los siguientes:<\/p>\n<p data-start=\"4152\" data-end=\"4208\"><strong data-start=\"4152\" data-end=\"4206\">Facultad de Farmacia y Ciencias de la Alimentaci\u00f3n<\/strong><\/p>\n<ul data-start=\"4209\" data-end=\"4580\">\n<li data-start=\"4209\" data-end=\"4423\">\n<p data-start=\"4211\" data-end=\"4423\">Dr. Christian Gri\u00f1\u00e1n, del Departamento de Farmacolog\u00eda, Toxicolog\u00eda y Qu\u00edmica Terap\u00e9utica, con el proyecto <em data-start=\"4318\" data-end=\"4421\">EpiAD. Pioneering a first-in-class epigenetic therapy through RNA modulation for Alzheimer&#8217;s Disease.<\/em><\/p>\n<\/li>\n<li data-start=\"4209\" data-end=\"4423\">\n<p data-start=\"4211\" data-end=\"4423\">Dr. Santiago V\u00e1zquez Cruz, del mismo departamento, con el proyecto <em data-start=\"4493\" data-end=\"4580\">DS1RsEH. Development of a first-in-class dual-acting analgesic for severe acute pain.<\/em><\/p>\n<\/li>\n<\/ul>\n<p data-start=\"4582\" data-end=\"4608\"><strong data-start=\"4582\" data-end=\"4606\">Facultad de Biolog\u00eda<\/strong><\/p>\n<ul data-start=\"4609\" data-end=\"5504\">\n<li data-start=\"4609\" data-end=\"4808\">\n<p data-start=\"4611\" data-end=\"4808\">Dr. Jordi Garcia Fern\u00e1ndez, del Departamento de Gen\u00e9tica, Microbiolog\u00eda y Estad\u00edstica, con el proyecto <em data-start=\"4714\" data-end=\"4806\">EpiAD. Preclinical development of a first-in-class treatment for autism spectrum disorder.<\/em><\/p>\n<\/li>\n<li data-start=\"4809\" data-end=\"5041\">\n<p data-start=\"4811\" data-end=\"5041\">Dr. Sergi Munn\u00e9 Bosch, del Departamento de Biolog\u00eda Evolutiva, Ecolog\u00eda y Ciencias Ambientales, con el proyecto <em data-start=\"4923\" data-end=\"5039\">CAFPROM. Validation of CAFPROM, a circular economy-based biostimulant for improving yield and quality of tomatoes.<\/em><\/p>\n<\/li>\n<li data-start=\"5042\" data-end=\"5224\">\n<p data-start=\"5044\" data-end=\"5224\">Dr. Antonio Zorzano Olarte, del Departamento de Bioqu\u00edmica y Biomedicina Molecular, con el proyecto <em data-start=\"5144\" data-end=\"5222\">VariantX_Prototyp. Prototyping a new gene therapy for the treatment of AATD.<\/em><\/p>\n<\/li>\n<li data-start=\"5225\" data-end=\"5504\">\n<p data-start=\"5227\" data-end=\"5504\">Dr. Miquel Martin Perez, del Departamento de Biolog\u00eda Celular, Fisiolog\u00eda e Inmunolog\u00eda, con el proyecto <em data-start=\"5332\" data-end=\"5403\">PalmitoLeads. New Palmitoylation Inhibitors to Hit Metastatic Cancer.<\/em> Este proyecto est\u00e1 coordinado por la Fundaci\u00f3n Instituto de Investigaci\u00f3n Biom\u00e9dica (IRB Barcelona).<\/p>\n<\/li>\n<\/ul>\n<p data-start=\"5506\" data-end=\"5530\"><strong data-start=\"5506\" data-end=\"5528\">Facultad de F\u00edsica<\/strong><\/p>\n<ul data-start=\"5531\" data-end=\"5799\">\n<li data-start=\"5531\" data-end=\"5799\">\n<p data-start=\"5533\" data-end=\"5799\">Dr. Mario Montes Usategui, del Departamento de F\u00edsica Aplicada, con el proyecto <em data-start=\"5613\" data-end=\"5728\">XL-SIM. Redefining Limits in Biological Imaging: Structured Illumination Microscopy at Extra-Large Field of View.<\/em> Proyecto en colaboraci\u00f3n con el Centro de Visi\u00f3n por Computador (CVC).<\/p>\n<\/li>\n<\/ul>\n<p data-start=\"5801\" data-end=\"6151\">Por \u00faltimo, los cuatro proyectos de la UB seleccionados en la modalidad <strong data-start=\"5873\" data-end=\"5888\">Innovadores<\/strong> suman un total de 336.000 euros y financiar\u00e1n proyectos de valorizaci\u00f3n y transferencia de conocimiento desarrollados por innovadores en estancias en entidades del sistema de investigaci\u00f3n e innovaci\u00f3n de Catalu\u00f1a. Los proyectos seleccionados son los siguientes:<\/p>\n<p data-start=\"6153\" data-end=\"6181\"><strong data-start=\"6153\" data-end=\"6179\">Facultad de Psicolog\u00eda<\/strong><\/p>\n<ul data-start=\"6182\" data-end=\"6370\">\n<li data-start=\"6182\" data-end=\"6370\">\n<p data-start=\"6184\" data-end=\"6370\">Dr. Carles Escera Mic\u00f3, del Departamento de Psicolog\u00eda Cl\u00ednica y Psicobiolog\u00eda, con el proyecto <em data-start=\"6280\" data-end=\"6370\">OnaKids. A neonatal EEG biomarker for predicting the risk of language acquisition delay.<\/em><\/p>\n<\/li>\n<\/ul>\n<p data-start=\"6372\" data-end=\"6415\"><strong data-start=\"6372\" data-end=\"6413\">Facultad de Matem\u00e1ticas e Inform\u00e1tica<\/strong><\/p>\n<ul data-start=\"6416\" data-end=\"6611\">\n<li data-start=\"6416\" data-end=\"6611\">\n<p data-start=\"6418\" data-end=\"6611\">Dr. Sergio Escalera, del Departamento de Matem\u00e1ticas e Inform\u00e1tica, con el proyecto <em data-start=\"6502\" data-end=\"6611\">VirtualDraping. A Virtual Clothing Try-on System based on 3D Body and Garment Reconstruction and Animation.<\/em><\/p>\n<\/li>\n<\/ul>\n<p data-start=\"6613\" data-end=\"6669\"><strong data-start=\"6613\" data-end=\"6667\">Facultad de Farmacia y Ciencias de la Alimentaci\u00f3n<\/strong><\/p>\n<ul data-start=\"6670\" data-end=\"6873\">\n<li data-start=\"6670\" data-end=\"6873\">\n<p data-start=\"6672\" data-end=\"6873\">Dr. Santiago V\u00e1zquez Cruz, del Departamento de Farmacolog\u00eda, Toxicolog\u00eda y Qu\u00edmica Terap\u00e9utica, con el proyecto <em data-start=\"6784\" data-end=\"6873\">DS1RsEH2. First-in-class Dual-acting molecule for acute pain treatment: path to market.<\/em><\/p>\n<\/li>\n<\/ul>\n<p data-start=\"6875\" data-end=\"6924\"><strong data-start=\"6875\" data-end=\"6922\">Facultad de Medicina y Ciencias de la Salud<\/strong><\/p>\n<ul data-start=\"6925\" data-end=\"7143\">\n<li data-start=\"6925\" data-end=\"7143\">\n<p data-start=\"6927\" data-end=\"7143\">Dra. Concepci\u00f3 Soler Prat, del Departamento de Patolog\u00eda y Terap\u00e9utica Experimental, con el proyecto <em data-start=\"7028\" data-end=\"7143\">TREX2i. Advancing first-in-class TREX2 inhibitors for skin diseases: pathway to commercialization via a spin-off.<\/em><\/p>\n<\/li>\n<\/ul>\n<p><a href=\"https:\/\/www.fbg.ub.edu\/es\/actualidad\/la-ub-recibe-13-millones-de-euros-de-financiacion-para-impulsar-quince-proyectos-innovadores-hacia-el-sector-productivo\/attachment\/recerca_h3-1-2\/\" rel=\"attachment wp-att-23288\"><img loading=\"lazy\" decoding=\"async\" class=\"aligncenter wp-image-23288\" src=\"http:\/\/www.fbg.ub.edu\/wp-content\/uploads\/2025\/10\/recerca_h3-1-380x76.jpg\" alt=\"\" width=\"320\" height=\"64\" srcset=\"https:\/\/www.fbg.ub.edu\/wp-content\/uploads\/2025\/10\/recerca_h3-1-380x76.jpg 380w, https:\/\/www.fbg.ub.edu\/wp-content\/uploads\/2025\/10\/recerca_h3-1.jpg 500w\" sizes=\"auto, (max-width: 320px) 100vw, 320px\" \/><\/a><\/p>\n","protected":false},"excerpt":{"rendered":"<p>La Universidad de Barcelona (UB), a trav\u00e9s de la Fundaci\u00f3n Bosch i Gimpera (FBG), su oficina de transferencia de conocimiento&#8230;<\/p>\n","protected":false},"author":2,"featured_media":23277,"comment_status":"closed","ping_status":"open","sticky":false,"template":"","format":"standard","meta":{"_acf_changed":false,"inline_featured_image":false,"_monsterinsights_skip_tracking":false,"_monsterinsights_sitenote_active":false,"_monsterinsights_sitenote_note":"","_monsterinsights_sitenote_category":0,"footnotes":""},"categories":[3],"tags":[],"class_list":["post-23278","post","type-post","status-publish","format-standard","has-post-thumbnail","hentry","category-actualidad"],"acf":[],"_links":{"self":[{"href":"https:\/\/www.fbg.ub.edu\/es\/wp-json\/wp\/v2\/posts\/23278","targetHints":{"allow":["GET"]}}],"collection":[{"href":"https:\/\/www.fbg.ub.edu\/es\/wp-json\/wp\/v2\/posts"}],"about":[{"href":"https:\/\/www.fbg.ub.edu\/es\/wp-json\/wp\/v2\/types\/post"}],"author":[{"embeddable":true,"href":"https:\/\/www.fbg.ub.edu\/es\/wp-json\/wp\/v2\/users\/2"}],"replies":[{"embeddable":true,"href":"https:\/\/www.fbg.ub.edu\/es\/wp-json\/wp\/v2\/comments?post=23278"}],"version-history":[{"count":6,"href":"https:\/\/www.fbg.ub.edu\/es\/wp-json\/wp\/v2\/posts\/23278\/revisions"}],"predecessor-version":[{"id":23295,"href":"https:\/\/www.fbg.ub.edu\/es\/wp-json\/wp\/v2\/posts\/23278\/revisions\/23295"}],"wp:featuredmedia":[{"embeddable":true,"href":"https:\/\/www.fbg.ub.edu\/es\/wp-json\/wp\/v2\/media\/23277"}],"wp:attachment":[{"href":"https:\/\/www.fbg.ub.edu\/es\/wp-json\/wp\/v2\/media?parent=23278"}],"wp:term":[{"taxonomy":"category","embeddable":true,"href":"https:\/\/www.fbg.ub.edu\/es\/wp-json\/wp\/v2\/categories?post=23278"},{"taxonomy":"post_tag","embeddable":true,"href":"https:\/\/www.fbg.ub.edu\/es\/wp-json\/wp\/v2\/tags?post=23278"}],"curies":[{"name":"wp","href":"https:\/\/api.w.org\/{rel}","templated":true}]}}