{"id":23101,"date":"2025-09-17T08:36:45","date_gmt":"2025-09-17T06:36:45","guid":{"rendered":"https:\/\/www.fbg.ub.edu\/?p=23101"},"modified":"2025-09-17T08:36:45","modified_gmt":"2025-09-17T06:36:45","slug":"mas-de-100-horas-de-formacion-en-emprendimiento-y-transferencia-de-conocimiento-cientifico-para-estudiantes-de-master-y-doctorado","status":"publish","type":"post","link":"https:\/\/www.fbg.ub.edu\/es\/actualidad\/mas-de-100-horas-de-formacion-en-emprendimiento-y-transferencia-de-conocimiento-cientifico-para-estudiantes-de-master-y-doctorado\/","title":{"rendered":"M\u00e1s de 100 horas de formaci\u00f3n en emprendimiento y transferencia de conocimiento cient\u00edfico para estudiantes de m\u00e1ster y doctorado"},"content":{"rendered":"<p>La s\u00e9ptima edici\u00f3n del programa De la Ciencia al Mercado comenz\u00f3 ayer por la ma\u00f1ana en la Universidad de Barcelona. Se trata de una iniciativa interuniversitaria promovida por la Universidad de Barcelona, la Universidad Aut\u00f3noma de Barcelona, la Universidad Polit\u00e9cnica de Catalu\u00f1a, la Universidad Pompeu Fabra, la Universidad de Girona y la Universidad de Vic \u2013 Universidad Central de Catalu\u00f1a, con el apoyo de la Generalitat de Catalunya y el cofinanciamiento de la Uni\u00f3n Europea.<\/p>\n<p>El programa, dirigido a estudiantes de m\u00e1ster, doctorado e investigadores en etapas iniciales, tiene como finalidad fomentar el emprendimiento y la transferencia de conocimiento, acompa\u00f1ando a los participantes en el proceso de convertir sus proyectos acad\u00e9micos en oportunidades de innovaci\u00f3n con impacto en la sociedad. A lo largo de los pr\u00f3ximos meses, recibir\u00e1n formaci\u00f3n especializada, mentor\u00eda personalizada y un contacto directo con el ecosistema catal\u00e1n de innovaci\u00f3n y emprendimiento.<\/p>\n<p>La sesi\u00f3n inaugural, celebrada en StartUB!, ha estado dedicada a la Introducci\u00f3n al emprendimiento, impartida por Marta Zaragoza. En los pr\u00f3ximos d\u00edas, los participantes trabajar\u00e1n sobre temas como innovaci\u00f3n, creatividad y design thinking, de la mano de expertos de referencia como Alfons Cornella y Diana Pinos.<\/p>\n<p>Con un total de m\u00e1s de 100 horas de formaci\u00f3n pr\u00e1ctica, el programa combina sesiones presenciales y en l\u00ednea con visitas a espacios estrat\u00e9gicos del ecosistema catal\u00e1n, entre ellos Pier01 (Barcelona Tech City), el Barcelona Supercomputing Center (BSC), el Centre CIM, el Parc Cient\u00edfic i Tecnol\u00f2gic de Girona y el Alba Synchrotron. Adem\u00e1s, los participantes reforzar\u00e1n competencias transversales \u2014como comunicaci\u00f3n, trabajo en equipo y mentalidad emprendedora\u2014 que complementan la dimensi\u00f3n acad\u00e9mica con un enfoque pr\u00e1ctico.<\/p>\n<p>Impulsado con la colaboraci\u00f3n de StartUB!, la Fundaci\u00f3 Bosch i Gimpera (FBG), el Parc de Recerca UAB y Empren UPC, De la Ciencia al Mercado ha formado ya a m\u00e1s de 150 participantes en sus seis ediciones anteriores, contribuyendo a la creaci\u00f3n de 12 empresas emergentes, entre ellas Gate2Brain, Mitiga Solutions y Koa Biotech.<\/p>\n<p>La presente edici\u00f3n se prolongar\u00e1 hasta diciembre y culminar\u00e1 con un Demo Day, en el que los 30 participantes presentar\u00e1n sus proyectos ante mentores, representantes universitarios y miembros del ecosistema emprendedor.<\/p>\n<p>M\u00e1s informaci\u00f3n en: <a href=\"http:\/\/www.cienciamercat.cat\">www.cienciamercat.cat<\/a><\/p>\n","protected":false},"excerpt":{"rendered":"<p>La s\u00e9ptima edici\u00f3n del programa De la Ciencia al Mercado comenz\u00f3 ayer por la ma\u00f1ana en la Universidad de Barcelona&#8230;.<\/p>\n","protected":false},"author":2,"featured_media":23099,"comment_status":"closed","ping_status":"open","sticky":false,"template":"","format":"standard","meta":{"_acf_changed":false,"inline_featured_image":false,"_monsterinsights_skip_tracking":false,"_monsterinsights_sitenote_active":false,"_monsterinsights_sitenote_note":"","_monsterinsights_sitenote_category":0,"footnotes":""},"categories":[3],"tags":[],"class_list":["post-23101","post","type-post","status-publish","format-standard","has-post-thumbnail","hentry","category-actualidad"],"acf":[],"_links":{"self":[{"href":"https:\/\/www.fbg.ub.edu\/es\/wp-json\/wp\/v2\/posts\/23101","targetHints":{"allow":["GET"]}}],"collection":[{"href":"https:\/\/www.fbg.ub.edu\/es\/wp-json\/wp\/v2\/posts"}],"about":[{"href":"https:\/\/www.fbg.ub.edu\/es\/wp-json\/wp\/v2\/types\/post"}],"author":[{"embeddable":true,"href":"https:\/\/www.fbg.ub.edu\/es\/wp-json\/wp\/v2\/users\/2"}],"replies":[{"embeddable":true,"href":"https:\/\/www.fbg.ub.edu\/es\/wp-json\/wp\/v2\/comments?post=23101"}],"version-history":[{"count":1,"href":"https:\/\/www.fbg.ub.edu\/es\/wp-json\/wp\/v2\/posts\/23101\/revisions"}],"predecessor-version":[{"id":23102,"href":"https:\/\/www.fbg.ub.edu\/es\/wp-json\/wp\/v2\/posts\/23101\/revisions\/23102"}],"wp:featuredmedia":[{"embeddable":true,"href":"https:\/\/www.fbg.ub.edu\/es\/wp-json\/wp\/v2\/media\/23099"}],"wp:attachment":[{"href":"https:\/\/www.fbg.ub.edu\/es\/wp-json\/wp\/v2\/media?parent=23101"}],"wp:term":[{"taxonomy":"category","embeddable":true,"href":"https:\/\/www.fbg.ub.edu\/es\/wp-json\/wp\/v2\/categories?post=23101"},{"taxonomy":"post_tag","embeddable":true,"href":"https:\/\/www.fbg.ub.edu\/es\/wp-json\/wp\/v2\/tags?post=23101"}],"curies":[{"name":"wp","href":"https:\/\/api.w.org\/{rel}","templated":true}]}}