{"id":23055,"date":"2025-09-17T09:23:29","date_gmt":"2025-09-17T07:23:29","guid":{"rendered":"https:\/\/www.fbg.ub.edu\/?p=23055"},"modified":"2025-09-17T09:23:29","modified_gmt":"2025-09-17T07:23:29","slug":"las-nanoparticulas-que-hemos-desarrollado-pueden-tener-un-impacto-real-en-la-vida-de-los-pacientes-con-glaucoma","status":"publish","type":"post","link":"https:\/\/www.fbg.ub.edu\/es\/actualidad\/las-nanoparticulas-que-hemos-desarrollado-pueden-tener-un-impacto-real-en-la-vida-de-los-pacientes-con-glaucoma\/","title":{"rendered":"\u201cLas nanopart\u00edculas que hemos desarrollado pueden tener un impacto real en la vida de los pacientes con glaucoma\u201d"},"content":{"rendered":"<p data-start=\"314\" data-end=\"539\">La Dra. Elena S\u00e1nchez, profesora de la Facultad de Farmacia y Ciencias de la Alimentaci\u00f3n de la Universidad de Barcelona, lidera un proyecto innovador que podr\u00eda suponer un antes y un despu\u00e9s en el tratamiento del glaucoma.<\/p>\n<p data-start=\"541\" data-end=\"749\">Esta enfermedad neurodegenerativa, que afecta a millones de personas en todo el mundo y es una de las principales causas de ceguera, necesita nuevas estrategias terap\u00e9uticas m\u00e1s efectivas y menos invasivas.<\/p>\n<p data-start=\"751\" data-end=\"1042\"><strong data-start=\"751\" data-end=\"833\">\u00bfEn qu\u00e9 consiste la tecnolog\u00eda que han desarrollado para combatir el glaucoma?<\/strong><br data-start=\"833\" data-end=\"836\" \/>Hemos desarrollado unas nanopart\u00edculas lip\u00eddicas de \u00faltima generaci\u00f3n que poseen propiedades terap\u00e9uticas. Estas part\u00edculas encapsulan un compuesto activo, natural, que tiene propiedades neuroprotectoras.<\/p>\n<p data-start=\"1044\" data-end=\"1632\"><strong data-start=\"1044\" data-end=\"1116\">\u00bfQu\u00e9 caracter\u00edsticas hacen especialmente innovadora esta tecnolog\u00eda?<\/strong><br data-start=\"1116\" data-end=\"1119\" \/>La principal ventaja de estas nanopart\u00edculas es que se pueden administrar de manera t\u00f3pica, en forma de gotas oft\u00e1lmicas, lo que resulta muy c\u00f3modo y accesible para los pacientes. Adem\u00e1s, permiten una liberaci\u00f3n prolongada del compuesto activo, lo que favorece su eficacia terap\u00e9utica. Los ensayos en modelos animales han demostrado que estas part\u00edculas son capaces de llegar hasta el polo posterior del ojo y la retina, lo que las convierte en una opci\u00f3n muy prometedora para la neuroprotecci\u00f3n en el glaucoma.<\/p>\n<p data-start=\"1634\" data-end=\"1977\"><strong data-start=\"1634\" data-end=\"1699\">Adem\u00e1s, han conseguido incorporarlas en un gel termosensible.<\/strong><br data-start=\"1699\" data-end=\"1702\" \/>Exacto, se trata de un colirio que se aplica en forma l\u00edquida, pero que, al entrar en contacto con la superficie ocular, aumenta su viscosidad. Esto hace que se adhiera mejor al ojo y mejore la penetraci\u00f3n de las nanopart\u00edculas, aumentando a\u00fan m\u00e1s su potencial terap\u00e9utico.<\/p>\n<p data-start=\"1979\" data-end=\"2563\"><strong data-start=\"1979\" data-end=\"2046\">\u00bfC\u00f3mo beneficiar\u00e1 esta tecnolog\u00eda a los pacientes con glaucoma?<\/strong><br data-start=\"2046\" data-end=\"2049\" \/>Por un lado, las nanopart\u00edculas lip\u00eddicas tienen propiedades hidratantes, lubricantes y antiinflamatorias que las hacen efectivas para tratar la sequedad e inflamaci\u00f3n ocular, muy comunes en estos pacientes. Por otro lado, pueden actuar como coadyuvante de los tratamientos actuales, que se centran en reducir la presi\u00f3n intraocular, o bien combinarse con estos f\u00e1rmacos para administrarlos conjuntamente en una \u00fanica formulaci\u00f3n. Es, por tanto, una tecnolog\u00eda altamente vers\u00e1til y con gran potencial disruptivo.<\/p>\n<p data-start=\"2565\" data-end=\"3157\"><strong data-start=\"2565\" data-end=\"2729\">Recibieron una ayuda Prueba de Concepto del Fondo para el Impulso de la Innovaci\u00f3n (F2I) que otorga la Universidad de Barcelona. \u00bfQu\u00e9 supuso recibir esta ayuda?<\/strong><br data-start=\"2729\" data-end=\"2732\" \/>La ayuda F2I ha sido fundamental para hacer avanzar el proyecto. Nos ha permitido iniciar la escalada industrial de las nanopart\u00edculas y disponer de los recursos necesarios para validar aspectos clave como la biodistribuci\u00f3n y la duraci\u00f3n de las nanopart\u00edculas en tejidos oculares. Tambi\u00e9n estamos realizando ensayos con modelos animales espec\u00edficos de glaucoma para obtener datos m\u00e1s precisos sobre su mecanismo de acci\u00f3n.<\/p>\n<p data-start=\"3159\" data-end=\"3681\"><strong data-start=\"3159\" data-end=\"3205\">\u00bfEn qu\u00e9 estado se encuentra este proyecto?<\/strong><br data-start=\"3205\" data-end=\"3208\" \/>Hemos realizado varios ensayos en modelos animales en los que hemos comprobado que poseen eficacia terap\u00e9utica. Aun as\u00ed, estamos ampliando estos estudios de biodistribuci\u00f3n y eficacia en glaucoma. En cuanto a la protecci\u00f3n intelectual, nos encontramos en fases nacionales con capacidad para transferir la tecnolog\u00eda desarrollada. Paralelamente, ya hemos iniciado la escalada industrial de las nanopart\u00edculas, un paso clave para avanzar hacia la futura aplicaci\u00f3n cl\u00ednica.<\/p>\n<p data-start=\"3683\" data-end=\"4239\"><strong data-start=\"3683\" data-end=\"3762\">\u00bfC\u00f3mo se vive como investigadora poder participar en un proyecto como este?<\/strong><br data-start=\"3762\" data-end=\"3765\" \/>Es un reto apasionante, especialmente porque es la primera vez que hacemos un recorrido tan completo, desde el laboratorio hasta la posible transferencia al mercado. Adem\u00e1s, este proyecto naci\u00f3 en el marco de una tesis doctoral dentro de nuestro grupo de investigaci\u00f3n y lo hemos ido haciendo crecer con mucha implicaci\u00f3n por parte de todos los miembros del equipo. Estamos muy ilusionados con la posibilidad de llevar esta tecnolog\u00eda un paso m\u00e1s all\u00e1 y poder licenciarla.<\/p>\n<p data-start=\"4241\" data-end=\"4867\"><strong data-start=\"4241\" data-end=\"4321\">\u00bfC\u00f3mo consiguen compaginar la transferencia, la investigaci\u00f3n y la docencia?<\/strong><br data-start=\"4321\" data-end=\"4324\" \/>Con dificultades\u2026 pero tambi\u00e9n con mucha motivaci\u00f3n (r\u00ede). La transferencia es una parte muy gratificante, porque te permite ver c\u00f3mo la investigaci\u00f3n puede tener un impacto real en la vida de los pacientes. A la vez, compaginarlo con las tareas docentes, que tambi\u00e9n son muy exigentes e importantes, supone un gran esfuerzo. Pero le dedicamos mucha energ\u00eda porque creemos en el valor de este proyecto y, sobre todo, tengo la gran suerte de estar respaldada por un equipo de investigadores muy comprometidos que llevan a cabo una gran labor.<\/p>\n<h3 style=\"text-align: center;\" data-start=\"4874\" data-end=\"4902\"><iframe loading=\"lazy\" title=\"YouTube video player\" src=\"https:\/\/www.youtube.com\/embed\/9iFxEUCzwQw?si=xBkbKH7OIdJD_n88\" width=\"560\" height=\"315\" frameborder=\"0\" allowfullscreen=\"allowfullscreen\"><\/iframe><\/h3>\n<h3 data-start=\"4874\" data-end=\"4902\"><strong data-start=\"4874\" data-end=\"4902\">M\u00e1s sobre\u2026 Elena S\u00e1nchez<\/strong><\/h3>\n<p data-start=\"4904\" data-end=\"4958\"><strong data-start=\"4904\" data-end=\"4941\">\u00bfEl mejor invento de la historia?<\/strong><br data-start=\"4941\" data-end=\"4944\" \/>Las vacunas.<\/p>\n<p data-start=\"4960\" data-end=\"5232\"><strong data-start=\"4960\" data-end=\"4998\">\u00bfQu\u00e9 le gustar\u00eda ver en el futuro?<\/strong><br data-start=\"4998\" data-end=\"5001\" \/>En mi campo, me gustar\u00eda ver c\u00f3mo la nanotecnolog\u00eda llega al mercado de manera m\u00e1s masiva. En el \u00e1mbito personal, como tengo una ni\u00f1a, me gustar\u00eda que tanto ni\u00f1os como ni\u00f1as tuvieran la misma educaci\u00f3n y las mismas oportunidades.<\/p>\n<p data-start=\"5234\" data-end=\"5308\"><strong data-start=\"5234\" data-end=\"5276\">\u00bfUn avance del futuro que le d\u00e9 miedo?<\/strong><br data-start=\"5276\" data-end=\"5279\" \/>La inteligencia artificial.<\/p>\n<p data-start=\"5310\" data-end=\"5539\"><strong data-start=\"5310\" data-end=\"5328\">\u00bfUn referente?<\/strong><br data-start=\"5328\" data-end=\"5331\" \/>Mi mentora y directora de tesis, la Dra. Mar\u00eda Luisa Garc\u00eda, que me transmiti\u00f3 la ilusi\u00f3n por la investigaci\u00f3n, y mis padres, que siempre han luchado por alcanzar sus objetivos con esfuerzo y determinaci\u00f3n.<\/p>\n<p data-start=\"5541\" data-end=\"5797\"><strong data-start=\"5541\" data-end=\"5617\">\u00bfQu\u00e9 se podr\u00eda hacer para conseguir la igualdad entre hombres y mujeres?<\/strong><br data-start=\"5617\" data-end=\"5620\" \/>Habr\u00eda que fomentar entornos inclusivos y equitativos en los que hombres y mujeres tengan las mismas oportunidades de progresar y se reconozca el talento sin sesgos de g\u00e9nero.<\/p>\n<p data-start=\"5799\" data-end=\"5921\"><strong data-start=\"5799\" data-end=\"5839\">La transferencia es importante para\u2026<\/strong><br data-start=\"5839\" data-end=\"5842\" \/>Convertir el conocimiento cient\u00edfico en soluciones reales para los pacientes.<\/p>\n","protected":false},"excerpt":{"rendered":"<p>La Dra. Elena S\u00e1nchez, profesora de la Facultad de Farmacia y Ciencias de la Alimentaci\u00f3n de la Universidad de Barcelona,&#8230;<\/p>\n","protected":false},"author":2,"featured_media":23053,"comment_status":"closed","ping_status":"open","sticky":false,"template":"","format":"standard","meta":{"_acf_changed":false,"inline_featured_image":false,"_monsterinsights_skip_tracking":false,"_monsterinsights_sitenote_active":false,"_monsterinsights_sitenote_note":"","_monsterinsights_sitenote_category":0,"footnotes":""},"categories":[3],"tags":[],"class_list":["post-23055","post","type-post","status-publish","format-standard","has-post-thumbnail","hentry","category-actualidad"],"acf":[],"_links":{"self":[{"href":"https:\/\/www.fbg.ub.edu\/es\/wp-json\/wp\/v2\/posts\/23055","targetHints":{"allow":["GET"]}}],"collection":[{"href":"https:\/\/www.fbg.ub.edu\/es\/wp-json\/wp\/v2\/posts"}],"about":[{"href":"https:\/\/www.fbg.ub.edu\/es\/wp-json\/wp\/v2\/types\/post"}],"author":[{"embeddable":true,"href":"https:\/\/www.fbg.ub.edu\/es\/wp-json\/wp\/v2\/users\/2"}],"replies":[{"embeddable":true,"href":"https:\/\/www.fbg.ub.edu\/es\/wp-json\/wp\/v2\/comments?post=23055"}],"version-history":[{"count":3,"href":"https:\/\/www.fbg.ub.edu\/es\/wp-json\/wp\/v2\/posts\/23055\/revisions"}],"predecessor-version":[{"id":23107,"href":"https:\/\/www.fbg.ub.edu\/es\/wp-json\/wp\/v2\/posts\/23055\/revisions\/23107"}],"wp:featuredmedia":[{"embeddable":true,"href":"https:\/\/www.fbg.ub.edu\/es\/wp-json\/wp\/v2\/media\/23053"}],"wp:attachment":[{"href":"https:\/\/www.fbg.ub.edu\/es\/wp-json\/wp\/v2\/media?parent=23055"}],"wp:term":[{"taxonomy":"category","embeddable":true,"href":"https:\/\/www.fbg.ub.edu\/es\/wp-json\/wp\/v2\/categories?post=23055"},{"taxonomy":"post_tag","embeddable":true,"href":"https:\/\/www.fbg.ub.edu\/es\/wp-json\/wp\/v2\/tags?post=23055"}],"curies":[{"name":"wp","href":"https:\/\/api.w.org\/{rel}","templated":true}]}}