{"id":22692,"date":"2025-07-17T14:15:54","date_gmt":"2025-07-17T12:15:54","guid":{"rendered":"https:\/\/www.fbg.ub.edu\/?p=22692"},"modified":"2025-07-17T14:17:54","modified_gmt":"2025-07-17T12:17:54","slug":"horario-especial-de-verano-de-la-fundacion-bosch-i-gimpera-y-del-edificio-juliana-morell","status":"publish","type":"post","link":"https:\/\/www.fbg.ub.edu\/es\/actualidad\/horario-especial-de-verano-de-la-fundacion-bosch-i-gimpera-y-del-edificio-juliana-morell\/","title":{"rendered":"Horario especial de verano de la Fundaci\u00f3n Bosch i Gimpera y del edificio Juliana Morell"},"content":{"rendered":"<p>Le informamos de las fechas de cierre y del horario especial de verano de la Fundaci\u00f3n Bosch i Gimpera y del edificio Juliana Morell (C\/ Baldiri Reixac, 2, Barcelona).<\/p>\n<p><strong>Horario del edificio Juliana Morell<\/strong><\/p>\n<p>&#8211; 1 de agosto &#8211; El edificio estar\u00e1 abierto hasta las 15 h.<\/p>\n<p>\u2013 Del 4 al 24 de agosto \u2013 El edificio permanecer\u00e1 cerrado.<\/p>\n<p>\u2013 Del 25 al 29 de agosto \u2013 El edificio estar\u00e1 abierto hasta las 15 h.<\/p>\n<p><strong>Horario de la Fundaci\u00f3n Bosch i Gimpera<\/strong><\/p>\n<p>\u2013 Del 10 de junio al 14 de septiembre, la Fundaci\u00f3n Bosch i Gimpera realizar\u00e1 jornada intensiva, y el horario de atenci\u00f3n ser\u00e1 de 8 ha 15 h.<\/p>\n<p>\u2013 La FBG permanecer\u00e1 cerrada del 11 al 24 de agosto.<\/p>\n<p>\u2013 Del 4 al 8 de agosto, el equipo de la FBG continuar\u00e1 su actividad en modalidad telem\u00e1tica, ya que el edificio Juliana Morell permanecer\u00e1 cerrado. Puede contactar a trav\u00e9s de los canales habituales de comunicaci\u00f3n.<\/p>\n<p>Agradecemos su comprensi\u00f3n y le deseamos un buen verano.<\/p>\n<p style=\"text-align: center;\"><iframe loading=\"lazy\" title=\"YouTube video player\" src=\"https:\/\/www.youtube.com\/embed\/WlUJ3cEOnVU?si=HjlrCYs0whf61vDp\" width=\"560\" height=\"315\" frameborder=\"0\" allowfullscreen=\"allowfullscreen\"><\/iframe><\/p>\n","protected":false},"excerpt":{"rendered":"<p>Le informamos de las fechas de cierre y del horario especial de verano de la Fundaci\u00f3n Bosch i Gimpera y&#8230;<\/p>\n","protected":false},"author":2,"featured_media":22689,"comment_status":"closed","ping_status":"open","sticky":false,"template":"","format":"standard","meta":{"_acf_changed":false,"inline_featured_image":false,"_monsterinsights_skip_tracking":false,"_monsterinsights_sitenote_active":false,"_monsterinsights_sitenote_note":"","_monsterinsights_sitenote_category":0,"footnotes":""},"categories":[3],"tags":[],"class_list":["post-22692","post","type-post","status-publish","format-standard","has-post-thumbnail","hentry","category-actualidad"],"acf":[],"_links":{"self":[{"href":"https:\/\/www.fbg.ub.edu\/es\/wp-json\/wp\/v2\/posts\/22692","targetHints":{"allow":["GET"]}}],"collection":[{"href":"https:\/\/www.fbg.ub.edu\/es\/wp-json\/wp\/v2\/posts"}],"about":[{"href":"https:\/\/www.fbg.ub.edu\/es\/wp-json\/wp\/v2\/types\/post"}],"author":[{"embeddable":true,"href":"https:\/\/www.fbg.ub.edu\/es\/wp-json\/wp\/v2\/users\/2"}],"replies":[{"embeddable":true,"href":"https:\/\/www.fbg.ub.edu\/es\/wp-json\/wp\/v2\/comments?post=22692"}],"version-history":[{"count":3,"href":"https:\/\/www.fbg.ub.edu\/es\/wp-json\/wp\/v2\/posts\/22692\/revisions"}],"predecessor-version":[{"id":22697,"href":"https:\/\/www.fbg.ub.edu\/es\/wp-json\/wp\/v2\/posts\/22692\/revisions\/22697"}],"wp:featuredmedia":[{"embeddable":true,"href":"https:\/\/www.fbg.ub.edu\/es\/wp-json\/wp\/v2\/media\/22689"}],"wp:attachment":[{"href":"https:\/\/www.fbg.ub.edu\/es\/wp-json\/wp\/v2\/media?parent=22692"}],"wp:term":[{"taxonomy":"category","embeddable":true,"href":"https:\/\/www.fbg.ub.edu\/es\/wp-json\/wp\/v2\/categories?post=22692"},{"taxonomy":"post_tag","embeddable":true,"href":"https:\/\/www.fbg.ub.edu\/es\/wp-json\/wp\/v2\/tags?post=22692"}],"curies":[{"name":"wp","href":"https:\/\/api.w.org\/{rel}","templated":true}]}}