{"id":22466,"date":"2025-06-18T15:03:37","date_gmt":"2025-06-18T13:03:37","guid":{"rendered":"https:\/\/www.fbg.ub.edu\/?p=22466"},"modified":"2025-06-18T15:03:37","modified_gmt":"2025-06-18T13:03:37","slug":"becytes-inaugura-un-nuevo-laboratorio-para-acelerar-la-produccion-de-modelos-celulares-in-vitro","status":"publish","type":"post","link":"https:\/\/www.fbg.ub.edu\/es\/actualidad\/becytes-inaugura-un-nuevo-laboratorio-para-acelerar-la-produccion-de-modelos-celulares-in-vitro\/","title":{"rendered":"BeCytes inaugura un nuevo laboratorio para acelerar la producci\u00f3n de modelos celulares in vitro"},"content":{"rendered":"<p>La <em>spin-off<\/em> de la Universidad de Barcelona, <a href=\"https:\/\/www.pcb.ub.edu\/es\/empresa\/cytes-biotechnologies\/\" target=\"_blank\" rel=\"noopener\">BeCytes Biotechnologies<\/a>, estrena un nuevo laboratorio en el Parque Cient\u00edfico de Barcelona (PCB) con el objetivo de impulsar su crecimiento internacional. La empresa biotecnol\u00f3gica orienta su actividad a la gesti\u00f3n de la producci\u00f3n de modelos hep\u00e1ticos y pulmonares in vitro, utilizados en la investigaci\u00f3n biom\u00e9dica como alternativa al uso de animales en estudios experimentales. Las nuevas instalaciones permitir\u00e1n ampliar la capacidad productiva de c\u00e9lulas primarias humanas para la industria biom\u00e9dica y farmac\u00e9utica internacional, contribuyendo as\u00ed al desarrollo de nuevas estrategias terap\u00e9uticas y modelos personalizados para la investigaci\u00f3n.<\/p>\n<p>La puesta en marcha de este nuevo laboratorio coincide con el 10\u00ba aniversario de la empresa, que en los dos \u00faltimos a\u00f1os ha superado el mill\u00f3n de euros en ingresos totales, y representa un impulso decisivo para su actividad de I+D para abrir nuevas l\u00edneas de investigaci\u00f3n en otros tipos de tejidos. Liderada por Jordi Xapell\u00ed Mias (CEO) y Estephan Arredondo (CTO), la compa\u00f1\u00eda lleva una d\u00e9cada centrada en el desarrollo de modelos celulares in vitro que mimetizan de manera fiel las condiciones del tejido hep\u00e1tico y pulmonar humano.<\/p>\n<p>\u201cEl crecimiento del mercado de modelos hep\u00e1ticos in vitro y la confianza de los investigadores, especialmente de la industria farmac\u00e9utica, nos ha impulsado a ampliar nuestras capacidades y recursos destinados a la producci\u00f3n. Adem\u00e1s, hemos hecho un salto cuantitativo, lo que nos ha obligado a aumentar la plantilla, que se ha triplicado, y a invertir recursos adicionales para hacer frente a esta nueva demanda\u201d, explica Jordi Xapell\u00ed Mias, CEO de la compa\u00f1\u00eda.<\/p>\n<p>Fundada en el a\u00f1o 2015, la biotecnol\u00f3gica naci\u00f3 impulsada por un grupo de cient\u00edficos del campo de la terapia celular, como Jordi Alberch y Josep M. Canals, de Creatio, el Centro de Producci\u00f3n y Validaci\u00f3n de Terapias Avanzadas de la Universidad de Barcelona (UB), as\u00ed como por los expertos en donaci\u00f3n y trasplante de \u00f3rganos y tejidos Mart\u00ed Manyalich, Eduard Xapell Sampol y Estephan Arredondo.<\/p>\n<p>&lt;&lt; <a href=\"https:\/\/www.pcb.ub.edu\/es\/becytes-inaugura-un-nuevo-laboratorio-para-acelerar-la-produccion-de-modelos-celulares-in-vitro\/\">M\u00e1s informaci\u00f3n<\/a><\/p>\n","protected":false},"excerpt":{"rendered":"<p>La spin-off de la Universidad de Barcelona, BeCytes Biotechnologies, estrena un nuevo laboratorio en el Parque Cient\u00edfico de Barcelona (PCB)&#8230;<\/p>\n","protected":false},"author":2,"featured_media":22464,"comment_status":"closed","ping_status":"open","sticky":false,"template":"","format":"standard","meta":{"_acf_changed":false,"inline_featured_image":false,"_monsterinsights_skip_tracking":false,"_monsterinsights_sitenote_active":false,"_monsterinsights_sitenote_note":"","_monsterinsights_sitenote_category":0,"footnotes":""},"categories":[3],"tags":[],"class_list":["post-22466","post","type-post","status-publish","format-standard","has-post-thumbnail","hentry","category-actualidad"],"acf":[],"_links":{"self":[{"href":"https:\/\/www.fbg.ub.edu\/es\/wp-json\/wp\/v2\/posts\/22466","targetHints":{"allow":["GET"]}}],"collection":[{"href":"https:\/\/www.fbg.ub.edu\/es\/wp-json\/wp\/v2\/posts"}],"about":[{"href":"https:\/\/www.fbg.ub.edu\/es\/wp-json\/wp\/v2\/types\/post"}],"author":[{"embeddable":true,"href":"https:\/\/www.fbg.ub.edu\/es\/wp-json\/wp\/v2\/users\/2"}],"replies":[{"embeddable":true,"href":"https:\/\/www.fbg.ub.edu\/es\/wp-json\/wp\/v2\/comments?post=22466"}],"version-history":[{"count":1,"href":"https:\/\/www.fbg.ub.edu\/es\/wp-json\/wp\/v2\/posts\/22466\/revisions"}],"predecessor-version":[{"id":22467,"href":"https:\/\/www.fbg.ub.edu\/es\/wp-json\/wp\/v2\/posts\/22466\/revisions\/22467"}],"wp:featuredmedia":[{"embeddable":true,"href":"https:\/\/www.fbg.ub.edu\/es\/wp-json\/wp\/v2\/media\/22464"}],"wp:attachment":[{"href":"https:\/\/www.fbg.ub.edu\/es\/wp-json\/wp\/v2\/media?parent=22466"}],"wp:term":[{"taxonomy":"category","embeddable":true,"href":"https:\/\/www.fbg.ub.edu\/es\/wp-json\/wp\/v2\/categories?post=22466"},{"taxonomy":"post_tag","embeddable":true,"href":"https:\/\/www.fbg.ub.edu\/es\/wp-json\/wp\/v2\/tags?post=22466"}],"curies":[{"name":"wp","href":"https:\/\/api.w.org\/{rel}","templated":true}]}}