{"id":22222,"date":"2025-05-30T09:52:23","date_gmt":"2025-05-30T07:52:23","guid":{"rendered":"https:\/\/www.fbg.ub.edu\/?p=22222"},"modified":"2025-05-30T09:52:23","modified_gmt":"2025-05-30T07:52:23","slug":"inscripciones-abiertas-en-el-programa-de-la-ciencia-al-mercado-2","status":"publish","type":"post","link":"https:\/\/www.fbg.ub.edu\/es\/actualidad\/inscripciones-abiertas-en-el-programa-de-la-ciencia-al-mercado-2\/","title":{"rendered":"Inscripciones abiertas en el programa &#8216;De la Ciencia al Mercado&#8217;"},"content":{"rendered":"<p>La UB, la UAB, la UPC, la UPF, la UdG y la UVic-UCC ponen en marcha la s\u00e9ptima edici\u00f3n del programa \u2018<a href=\"https:\/\/www.cienciamercat.cat\/ca\/\">De la Ciencia al Mercado<\/a>\u2019. La iniciativa busca contribuir a la consolidaci\u00f3n de un ecosistema de innovaci\u00f3n basado en el conocimiento, impulsando la creaci\u00f3n de proyectos a partir de la investigaci\u00f3n generada en las universidades catalanas.<\/p>\n<p>El programa est\u00e1 dirigido al alumnado de m\u00e1ster y doctorado que quiera transformar su tesis o tesina en una empresa y\/o formar parte de un equipo emprendedor. Es una formaci\u00f3n gratuita y presencial, que comenzar\u00e1 en septiembre.<\/p>\n<p>\u2018<a href=\"https:\/\/www.cienciamercat.cat\/ca\/\">De la Ciencia al Mercado<\/a>\u2019 consta de cien horas de formaci\u00f3n pr\u00e1ctica y especializada en \u00e1mbitos clave como los modelos de negocio, la protecci\u00f3n del conocimiento mediante la propiedad intelectual, la validaci\u00f3n de tecnolog\u00eda y la estrategia para la creaci\u00f3n de start-ups o spin-offs.<\/p>\n<p>Adem\u00e1s, el programa incorpora el acompa\u00f1amiento de mentores con experiencia en innovaci\u00f3n y emprendimiento, as\u00ed como espacios de encuentro con otros investigadores, emprendedores y representantes del sector empresarial.<\/p>\n<p>Las anteriores ediciones del programa han contado con m\u00e1s de 150 participantes y han ayudado a crear doce nuevas empresas emergentes, como la spin-off de la Universidad de Barcelona, Gate2Brain, as\u00ed como Mitiga Solutions o Koa Biotech, entre otras.<\/p>\n<p>\u2018<a href=\"https:\/\/www.cienciamercat.cat\/ca\/\">De la Ciencia al Mercado<\/a>\u2019 est\u00e1 subvencionado por el Departamento de Empresa y Trabajo y cuenta con la cofinanciaci\u00f3n del Fondo Social Europeo Plus.<\/p>\n<p>&lt;&lt; <a href=\"https:\/\/www.cienciamercat.cat\/ca\/\">M\u00e1s informaci\u00f3n<\/a><\/p>\n","protected":false},"excerpt":{"rendered":"<p>La UB, la UAB, la UPC, la UPF, la UdG y la UVic-UCC ponen en marcha la s\u00e9ptima edici\u00f3n del&#8230;<\/p>\n","protected":false},"author":2,"featured_media":22223,"comment_status":"closed","ping_status":"open","sticky":false,"template":"","format":"standard","meta":{"_acf_changed":false,"inline_featured_image":false,"_monsterinsights_skip_tracking":false,"_monsterinsights_sitenote_active":false,"_monsterinsights_sitenote_note":"","_monsterinsights_sitenote_category":0,"footnotes":""},"categories":[3],"tags":[],"class_list":["post-22222","post","type-post","status-publish","format-standard","has-post-thumbnail","hentry","category-actualidad"],"acf":[],"_links":{"self":[{"href":"https:\/\/www.fbg.ub.edu\/es\/wp-json\/wp\/v2\/posts\/22222","targetHints":{"allow":["GET"]}}],"collection":[{"href":"https:\/\/www.fbg.ub.edu\/es\/wp-json\/wp\/v2\/posts"}],"about":[{"href":"https:\/\/www.fbg.ub.edu\/es\/wp-json\/wp\/v2\/types\/post"}],"author":[{"embeddable":true,"href":"https:\/\/www.fbg.ub.edu\/es\/wp-json\/wp\/v2\/users\/2"}],"replies":[{"embeddable":true,"href":"https:\/\/www.fbg.ub.edu\/es\/wp-json\/wp\/v2\/comments?post=22222"}],"version-history":[{"count":7,"href":"https:\/\/www.fbg.ub.edu\/es\/wp-json\/wp\/v2\/posts\/22222\/revisions"}],"predecessor-version":[{"id":22234,"href":"https:\/\/www.fbg.ub.edu\/es\/wp-json\/wp\/v2\/posts\/22222\/revisions\/22234"}],"wp:featuredmedia":[{"embeddable":true,"href":"https:\/\/www.fbg.ub.edu\/es\/wp-json\/wp\/v2\/media\/22223"}],"wp:attachment":[{"href":"https:\/\/www.fbg.ub.edu\/es\/wp-json\/wp\/v2\/media?parent=22222"}],"wp:term":[{"taxonomy":"category","embeddable":true,"href":"https:\/\/www.fbg.ub.edu\/es\/wp-json\/wp\/v2\/categories?post=22222"},{"taxonomy":"post_tag","embeddable":true,"href":"https:\/\/www.fbg.ub.edu\/es\/wp-json\/wp\/v2\/tags?post=22222"}],"curies":[{"name":"wp","href":"https:\/\/api.w.org\/{rel}","templated":true}]}}