{"id":22051,"date":"2025-05-19T09:58:13","date_gmt":"2025-05-19T07:58:13","guid":{"rendered":"https:\/\/www.fbg.ub.edu\/?p=22051"},"modified":"2025-06-13T10:03:28","modified_gmt":"2025-06-13T08:03:28","slug":"dos-grupos-de-investigacion-de-la-universidad-de-barcelona-consiguen-el-sello-de-calidad-tecnio","status":"publish","type":"post","link":"https:\/\/www.fbg.ub.edu\/es\/actualidad\/dos-grupos-de-investigacion-de-la-universidad-de-barcelona-consiguen-el-sello-de-calidad-tecnio\/","title":{"rendered":"Dos grupos de investigaci\u00f3n de la Universidad de Barcelona consiguen el sello de calidad TECNIO"},"content":{"rendered":"<p>Dos grupos de investigaci\u00f3n de la Universidad de Barcelona (UB) han obtenido el sello de calidad TECNIO de la Generalidad de Catalu\u00f1a que acredita a las entidades que desarrollan y facilitan tecnolog\u00eda para las empresas. De esta forma, la UB ampl\u00eda el n\u00famero de grupos con el sello TECNIO y pasa de 7 a 9 grupos acreditados.<\/p>\n<p>Concretamente, los grupos que se incorporan a la red TECNIO son los siguientes:<\/p>\n<ul>\n<li><a href=\"http:\/\/www.ub.edu\/ceremet\/\">CEREMET<\/a> &#8211; Centro de Investigaci\u00f3n en Metabolismo. Est\u00e1 liderado por la Dra. Eva Pardina, profesora de la Facultad de Biolog\u00eda de la UB, y cuenta con el apoyo del gestor-promotor, el dr. David Ricart, de la Facultad de Biolog\u00eda.<\/li>\n<li><a href=\"https:\/\/www.ub.edu\/eddu\/\">EDDU<\/a> &#8211; Early Drug Discovery Unit. Est\u00e1 encabezado por el Dr. Carlos Galdeano de la Facultad de Farmacia y Ciencias de la Alimentaci\u00f3n.<\/li>\n<\/ul>\n<p>CEREMT y EDDU eran dos grupos preTECNIO que fueron seleccionados en la convocatoria 2023\/24 y 2024\/25 del programa de ayudas de intensificaci\u00f3n de las actividades de transferencia del Vicerrectorado de Emprendedur\u00eda, Innovaci\u00f3n y Transferencia de la UB. Uno de los objetivos de la convocatoria era precisamente incentivar a aquellos equipos que quisieran crear o consolidar como grupos de transferencia y optar a la acreditaci\u00f3n TECNIO en un plazo de cuatro a\u00f1os, hecho que ahora han conseguido.<\/p>\n<p>La obtenci\u00f3n del sello TECNIO consolida la apuesta estrat\u00e9gica de la UB por promover la investigaci\u00f3n aplicada y la colaboraci\u00f3n con el tejido empresarial. A trav\u00e9s de esta certificaci\u00f3n, se refuerza la visibilidad de los grupos de investigaci\u00f3n m\u00e1s l\u00edderes y se facilita el acceso a nuevos proyectos y oportunidades de transferencia tecnol\u00f3gica.<\/p>\n<p style=\"text-align: center;\"><iframe loading=\"lazy\" title=\"YouTube video player\" src=\"https:\/\/www.youtube.com\/embed\/C22U2_OEnvc?si=TwFpCnBaeSy6qgfo\" width=\"560\" height=\"315\" frameborder=\"0\" allowfullscreen=\"allowfullscreen\"><\/iframe><\/p>\n<p style=\"text-align: center;\">&lt;&lt; Entrevista: <a href=\"https:\/\/www.fbg.ub.edu\/es\/casos_exit\/las-empresas-se-fortalecen-con-la-ayuda-de-los-grupos-tecnio\/\" target=\"_blank\" rel=\"noopener\">\u201cLas empresas se fortalecen con la ayuda de los grupos TECNIO\u201d<\/a><\/p>\n","protected":false},"excerpt":{"rendered":"<p>Dos grupos de investigaci\u00f3n de la Universidad de Barcelona (UB) han obtenido el sello de calidad TECNIO de la Generalidad&#8230;<\/p>\n","protected":false},"author":2,"featured_media":22047,"comment_status":"closed","ping_status":"open","sticky":false,"template":"","format":"standard","meta":{"_acf_changed":false,"inline_featured_image":false,"_monsterinsights_skip_tracking":false,"_monsterinsights_sitenote_active":false,"_monsterinsights_sitenote_note":"","_monsterinsights_sitenote_category":0,"footnotes":""},"categories":[3],"tags":[],"class_list":["post-22051","post","type-post","status-publish","format-standard","has-post-thumbnail","hentry","category-actualidad"],"acf":[],"_links":{"self":[{"href":"https:\/\/www.fbg.ub.edu\/es\/wp-json\/wp\/v2\/posts\/22051","targetHints":{"allow":["GET"]}}],"collection":[{"href":"https:\/\/www.fbg.ub.edu\/es\/wp-json\/wp\/v2\/posts"}],"about":[{"href":"https:\/\/www.fbg.ub.edu\/es\/wp-json\/wp\/v2\/types\/post"}],"author":[{"embeddable":true,"href":"https:\/\/www.fbg.ub.edu\/es\/wp-json\/wp\/v2\/users\/2"}],"replies":[{"embeddable":true,"href":"https:\/\/www.fbg.ub.edu\/es\/wp-json\/wp\/v2\/comments?post=22051"}],"version-history":[{"count":6,"href":"https:\/\/www.fbg.ub.edu\/es\/wp-json\/wp\/v2\/posts\/22051\/revisions"}],"predecessor-version":[{"id":22440,"href":"https:\/\/www.fbg.ub.edu\/es\/wp-json\/wp\/v2\/posts\/22051\/revisions\/22440"}],"wp:featuredmedia":[{"embeddable":true,"href":"https:\/\/www.fbg.ub.edu\/es\/wp-json\/wp\/v2\/media\/22047"}],"wp:attachment":[{"href":"https:\/\/www.fbg.ub.edu\/es\/wp-json\/wp\/v2\/media?parent=22051"}],"wp:term":[{"taxonomy":"category","embeddable":true,"href":"https:\/\/www.fbg.ub.edu\/es\/wp-json\/wp\/v2\/categories?post=22051"},{"taxonomy":"post_tag","embeddable":true,"href":"https:\/\/www.fbg.ub.edu\/es\/wp-json\/wp\/v2\/tags?post=22051"}],"curies":[{"name":"wp","href":"https:\/\/api.w.org\/{rel}","templated":true}]}}