{"id":21518,"date":"2025-03-24T13:05:00","date_gmt":"2025-03-24T11:05:00","guid":{"rendered":"https:\/\/www.fbg.ub.edu\/?p=21518"},"modified":"2025-03-24T13:33:01","modified_gmt":"2025-03-24T11:33:01","slug":"la-universidad-de-barcelona-y-salud-mental-cataluna-alertan-del-desafio-en-envejecimiento-y-salud-mental","status":"publish","type":"post","link":"https:\/\/www.fbg.ub.edu\/es\/actualidad\/la-universidad-de-barcelona-y-salud-mental-cataluna-alertan-del-desafio-en-envejecimiento-y-salud-mental\/","title":{"rendered":"La Universidad de Barcelona y Salud Mental Catalu\u00f1a alertan del desaf\u00edo en envejecimiento y salud mental"},"content":{"rendered":"<p>La Federaci\u00f3n Salud Mental Catalu\u00f1a, en colaboraci\u00f3n con la Universidad de Barcelona, \u200b\u200bha publicado el estudio sobre envejecimiento y bienestar emocional \u00ab<a href=\"https:\/\/www.salutmental.org\/wp-content\/uploads\/2025\/03\/Informe-final-17-3-25-FINAL.pdf\" target=\"_blank\" rel=\"noopener\">Salud mental con perspectiva de edad<\/a>\u00ab, un proyecto de investigaci\u00f3n innovador destinado a mejorar el acompa\u00f1amiento a personas con trastorno mental y familiares mayores de 55 a\u00f1os. El estudio ha sido elaborado por B\u00e0rbara Mitats, coordinadora de servicios y programas federativos, innovaci\u00f3n e investigaci\u00f3n en SMC, y por la Dra. Montserrat Celdr\u00e1n, profesora de la Facultad de Psicolog\u00eda de la UB. En el proceso participativo de la investigaci\u00f3n hemos contado con la colaboraci\u00f3n de la arquitecta social, activista y experta en participaci\u00f3n ciudadana Itziar Gonz\u00e1lez-Vir\u00f3s.<\/p>\n<p>La investigaci\u00f3n participativa explora factores psicosociales vinculados a la salud mental y el envejecimiento, contribuyendo a perfilar los retos en este \u00e1mbito. El objetivo de la investigaci\u00f3n ha sido explorar elementos clave para mejorar el apoyo a este colectivo, contribuir a definir acciones de prevenci\u00f3n, detecci\u00f3n e intervenci\u00f3n.<\/p>\n<p>La investigaci\u00f3n participativa ha sido posible gracias a la implicaci\u00f3n de 44 personas en el proceso participativo: 23 personas voluntarias (primeras personas y familiares), miembros del Comit\u00e9 Asesor y participantes en grupos de reflexi\u00f3n; y 5 profesionales de atenci\u00f3n directa del servicio de Clubs sociales, as\u00ed como de las 16 representantes institucionales como miembros del Consejo Asesor.<\/p>\n<p>Los resultados confirman que, a pesar de tener edad similar, familiares y personas con experiencia propia no experimentan los mismos retos y oportunidades sobre el proceso de envejecimiento.<\/p>\n<p><strong>La incorporaci\u00f3n de la perspectiva de edad en salud mental es urgente y prioritaria<\/strong><\/p>\n<p>Los resultados de la investigaci\u00f3n ponen de manifiesto varias conclusiones clave:<\/p>\n<p>\u2022 Es urgente y prioritario atender a las necesidades de apoyo para personas con experiencia propia en salud mental y\/o familiares con perspectiva de edad, para prevenir y promover un envejecimiento saludable y digno. Es necesario continuar explorando la situaci\u00f3n en poblaci\u00f3n sobreenvejecida, en personas migradas o las casu\u00edsticas en personas con diversidad de identidad y\/u orientaci\u00f3n sexual, considerando el hist\u00f3rico social y el aumento actual de los discursos de odio.<\/p>\n<p>\u2022 La red asociativa ofrece las condiciones para promover factores de protecci\u00f3n para el bienestar emocional en la vejez como, por ejemplo: facilitar la accesibilidad a recursos, impulsar y fortalecer las redes de apoyo social, capacitar en salud mental, contribuir al empoderamiento, luchar contra el estigma y el aislamiento social, sensibilizar y concienciar, facilitar la participaci\u00f3n\u2026<\/p>\n<p>\u2022 Es necesario abordar la complejidad de los cuidados seg\u00fan una concepci\u00f3n bidireccional. Los roles pueden convivir, cambiar, transformarse o incluso invertirse, seg\u00fan el momento vital o los ciclos personales y familiares.<\/p>\n<p>\u2022 Diferencias por g\u00e9nero y entorno: Las mujeres presentan m\u00e1s situaciones de vulnerabilidad por el contexto patriarcal en el que vivimos y los cuidados siguen estando muy feminizados. Adem\u00e1s, el entorno (urbano vs. rural) influye significativamente en el acceso a los recursos y soportes en la atenci\u00f3n a la salud mental.<\/p>\n<p>\u2022 Las intervenciones deben ser interseccionales e interculturales: La atenci\u00f3n y los apoyos en salud mental y envejecimiento deben tener en cuenta la intersecci\u00f3n de factores como el g\u00e9nero, la edad, el entorno, la situaci\u00f3n socioecon\u00f3mica, la identidad de g\u00e9nero, la orientaci\u00f3n sexual o el origen, a fin de garantizar un envejecimiento saludable y de calidad para todos.<\/p>\n<p>Ante el reto del envejecimiento de la poblaci\u00f3n y por el bienestar emocional de la ciudadan\u00eda, es fundamental poner al alcance las medidas necesarias y recursos adecuados para planificar el proceso de envejecimiento, teniendo en cuenta la diversidad y las desigualdades, con un enfoque comunitario.<\/p>\n<p><strong>La metodolog\u00eda participativa contribuye a la transformaci\u00f3n social<\/strong><\/p>\n<p>El informe incluye los resultados de la investigaci\u00f3n en tres partes principales: un estudio bibliogr\u00e1fico sobre las necesidades de las personas mayores con trastornos mentales y familiares, datos de una encuesta cuantitativa con 399 participantes, y datos cualitativos basados \u200b\u200ben la recopilaci\u00f3n de dos grupos de reflexi\u00f3n y las aportaciones de las personas que han participado en el Comit\u00e9 y el Consejo asesor.<\/p>\n<p>La investigaci\u00f3n, adem\u00e1s, ha contado con el apoyo de un Comit\u00e9 Asesor formado por personas con experiencia propia, familiares y profesionales, y un Consejo Asesor con representantes de organizaciones y administraciones p\u00fablicas.<\/p>\n<p>La investigaci\u00f3n participativa es esencial para promover el empoderamiento de la ciudadan\u00eda, impulsar mejoras en la atenci\u00f3n a la salud mental y contribuir a la transformaci\u00f3n social por un modelo de soportes m\u00e1s digno y justo.<\/p>\n<p>Para m\u00e1s informaci\u00f3n sobre el estudio \u201cSalud mental con perspectiva de edad\u201d y sus resultados, <a href=\"https:\/\/www.salutmental.org\/wp-content\/uploads\/2025\/03\/Informe-final-17-3-25-FINAL.pdf\" target=\"_blank\" rel=\"noopener\">puede consultar el documento completo aqu\u00ed<\/a>.<\/p>\n","protected":false},"excerpt":{"rendered":"<p>La Federaci\u00f3n Salud Mental Catalu\u00f1a, en colaboraci\u00f3n con la Universidad de Barcelona, \u200b\u200bha publicado el estudio sobre envejecimiento y bienestar&#8230;<\/p>\n","protected":false},"author":2,"featured_media":21516,"comment_status":"closed","ping_status":"open","sticky":false,"template":"","format":"standard","meta":{"_acf_changed":false,"inline_featured_image":false,"_monsterinsights_skip_tracking":false,"_monsterinsights_sitenote_active":false,"_monsterinsights_sitenote_note":"","_monsterinsights_sitenote_category":0,"footnotes":""},"categories":[3],"tags":[],"class_list":["post-21518","post","type-post","status-publish","format-standard","has-post-thumbnail","hentry","category-actualidad"],"acf":[],"_links":{"self":[{"href":"https:\/\/www.fbg.ub.edu\/es\/wp-json\/wp\/v2\/posts\/21518","targetHints":{"allow":["GET"]}}],"collection":[{"href":"https:\/\/www.fbg.ub.edu\/es\/wp-json\/wp\/v2\/posts"}],"about":[{"href":"https:\/\/www.fbg.ub.edu\/es\/wp-json\/wp\/v2\/types\/post"}],"author":[{"embeddable":true,"href":"https:\/\/www.fbg.ub.edu\/es\/wp-json\/wp\/v2\/users\/2"}],"replies":[{"embeddable":true,"href":"https:\/\/www.fbg.ub.edu\/es\/wp-json\/wp\/v2\/comments?post=21518"}],"version-history":[{"count":5,"href":"https:\/\/www.fbg.ub.edu\/es\/wp-json\/wp\/v2\/posts\/21518\/revisions"}],"predecessor-version":[{"id":21527,"href":"https:\/\/www.fbg.ub.edu\/es\/wp-json\/wp\/v2\/posts\/21518\/revisions\/21527"}],"wp:featuredmedia":[{"embeddable":true,"href":"https:\/\/www.fbg.ub.edu\/es\/wp-json\/wp\/v2\/media\/21516"}],"wp:attachment":[{"href":"https:\/\/www.fbg.ub.edu\/es\/wp-json\/wp\/v2\/media?parent=21518"}],"wp:term":[{"taxonomy":"category","embeddable":true,"href":"https:\/\/www.fbg.ub.edu\/es\/wp-json\/wp\/v2\/categories?post=21518"},{"taxonomy":"post_tag","embeddable":true,"href":"https:\/\/www.fbg.ub.edu\/es\/wp-json\/wp\/v2\/tags?post=21518"}],"curies":[{"name":"wp","href":"https:\/\/api.w.org\/{rel}","templated":true}]}}