{"id":21099,"date":"2025-02-11T10:18:25","date_gmt":"2025-02-11T08:18:25","guid":{"rendered":"https:\/\/www.fbg.ub.edu\/?p=21099"},"modified":"2025-02-11T10:18:25","modified_gmt":"2025-02-11T08:18:25","slug":"la-ub-conmemora-el-dia-internacional-de-la-mujer-y-la-nina-en-la-ciencia","status":"publish","type":"post","link":"https:\/\/www.fbg.ub.edu\/es\/actualidad\/la-ub-conmemora-el-dia-internacional-de-la-mujer-y-la-nina-en-la-ciencia\/","title":{"rendered":"La UB conmemora el D\u00eda Internacional de la Mujer y la Ni\u00f1a en la Ciencia"},"content":{"rendered":"<p>La Universidad de Barcelona (UB) conmemora el 11 de febrero el D\u00eda Internacional de la Mujer y la Ni\u00f1a en la Ciencia. Lo hace con una amplia programaci\u00f3n de actividades que tienen el objetivo de dar visibilidad y voz a la labor de las mujeres investigadoras que forman parte de la comunidad universitaria.<\/p>\n<p>Charlas, talleres y mesas redondas reunir\u00e1n a expertas de diferentes disciplinas para compartir experiencias e inspirar nuevas generaciones. A trav\u00e9s de estas iniciativas, se quiere poner de relieve la necesidad de romper barreras de g\u00e9nero y fomentar la igualdad de oportunidades en la investigaci\u00f3n y la innovaci\u00f3n.<\/p>\n<p>&lt;&lt; <a href=\"https:\/\/www.ub.edu\/activitats\/dia-dona-nena-ciencia\/\" target=\"_blank\" rel=\"noopener\">Consulta aqu\u00ed todas las actividades<\/a>.<\/p>\n","protected":false},"excerpt":{"rendered":"<p>La Universidad de Barcelona (UB) conmemora el 11 de febrero el D\u00eda Internacional de la Mujer y la Ni\u00f1a en&#8230;<\/p>\n","protected":false},"author":2,"featured_media":21093,"comment_status":"closed","ping_status":"open","sticky":false,"template":"","format":"standard","meta":{"_acf_changed":false,"inline_featured_image":false,"_monsterinsights_skip_tracking":false,"_monsterinsights_sitenote_active":false,"_monsterinsights_sitenote_note":"","_monsterinsights_sitenote_category":0,"footnotes":""},"categories":[3],"tags":[],"class_list":["post-21099","post","type-post","status-publish","format-standard","has-post-thumbnail","hentry","category-actualidad"],"acf":[],"_links":{"self":[{"href":"https:\/\/www.fbg.ub.edu\/es\/wp-json\/wp\/v2\/posts\/21099","targetHints":{"allow":["GET"]}}],"collection":[{"href":"https:\/\/www.fbg.ub.edu\/es\/wp-json\/wp\/v2\/posts"}],"about":[{"href":"https:\/\/www.fbg.ub.edu\/es\/wp-json\/wp\/v2\/types\/post"}],"author":[{"embeddable":true,"href":"https:\/\/www.fbg.ub.edu\/es\/wp-json\/wp\/v2\/users\/2"}],"replies":[{"embeddable":true,"href":"https:\/\/www.fbg.ub.edu\/es\/wp-json\/wp\/v2\/comments?post=21099"}],"version-history":[{"count":1,"href":"https:\/\/www.fbg.ub.edu\/es\/wp-json\/wp\/v2\/posts\/21099\/revisions"}],"predecessor-version":[{"id":21100,"href":"https:\/\/www.fbg.ub.edu\/es\/wp-json\/wp\/v2\/posts\/21099\/revisions\/21100"}],"wp:featuredmedia":[{"embeddable":true,"href":"https:\/\/www.fbg.ub.edu\/es\/wp-json\/wp\/v2\/media\/21093"}],"wp:attachment":[{"href":"https:\/\/www.fbg.ub.edu\/es\/wp-json\/wp\/v2\/media?parent=21099"}],"wp:term":[{"taxonomy":"category","embeddable":true,"href":"https:\/\/www.fbg.ub.edu\/es\/wp-json\/wp\/v2\/categories?post=21099"},{"taxonomy":"post_tag","embeddable":true,"href":"https:\/\/www.fbg.ub.edu\/es\/wp-json\/wp\/v2\/tags?post=21099"}],"curies":[{"name":"wp","href":"https:\/\/api.w.org\/{rel}","templated":true}]}}