{"id":20915,"date":"2025-01-16T15:02:02","date_gmt":"2025-01-16T13:02:02","guid":{"rendered":"https:\/\/www.fbg.ub.edu\/?p=20915"},"modified":"2025-01-16T15:02:03","modified_gmt":"2025-01-16T13:02:03","slug":"la-ub-logra-casi-un-millon-de-euros-de-financiacion-para-los-grupos-de-investigacion-en-la-convocatoria-ayudas-a-proyectos-de-colaboracion-publico-privada-2023","status":"publish","type":"post","link":"https:\/\/www.fbg.ub.edu\/es\/actualidad\/la-ub-logra-casi-un-millon-de-euros-de-financiacion-para-los-grupos-de-investigacion-en-la-convocatoria-ayudas-a-proyectos-de-colaboracion-publico-privada-2023\/","title":{"rendered":"La UB logra casi un mill\u00f3n de euros de financiaci\u00f3n para los grupos de investigaci\u00f3n en la convocatoria \u00abAyudas a proyectos de colaboraci\u00f3n P\u00fablico-Privada 2023\u00bb"},"content":{"rendered":"<p>La Universidad de Barcelona (UB), con el apoyo de la Fundaci\u00f3n Bosch i Gimpera, la oficina de transferencia de la UB, ha conseguido 977.069,94 euros de financiaci\u00f3n en el marco de la convocatoria \u201cAyudas a proyectos de colaboraci\u00f3n p\u00fablico-privada\u201d del Ministerio de Ciencia e Innovaci\u00f3n. Los fondos servir\u00e1n para financiar nueve proyectos de I+D+i desarrollados por investigadores de la UB en colaboraci\u00f3n con empresas y otros organismos de investigaci\u00f3n.<\/p>\n<p>La duraci\u00f3n de los proyectos es de tres a\u00f1os y el objetivo de esta financiaci\u00f3n es el apoyo a proyectos de desarrollo experimental en cooperaci\u00f3n entre empresas y organismos de investigaci\u00f3n, a fin de promover el desarrollo de nuevas tecnolog\u00edas, la aplicaci\u00f3n empresarial de nuevas ideas y t\u00e9cnicas, contribuyendo a la creaci\u00f3n de nuevos productos y servicios.<\/p>\n<p>El personal de investigaci\u00f3n de la Universidad de Barcelona y los proyectos que lidera que han sido reconocidos son los siguientes:<\/p>\n<p><strong>Dra. Giuliana Magri<\/strong> de la Facultad de Medicina y Ciencias de la Salud con el proyecto \u00abDesarrollo de FLDK-1, un f\u00e1rmaco potente y selectivo \u00ab\u00bbfirst-in-class\u00bb\u00bbpara el tratamiento de la Enfermedad Inflamatoria Intestinal.\u00bb Liderado por Orikine BIO y con la colaboraci\u00f3n del CSIC y el CRG. La referencia del proyecto es SCPP2300C010468XV0.<\/p>\n<p><strong>Dr. Rub\u00e9n Alc\u00e1zar<\/strong> de la Facultad de Farmacia y Ciencias de la Alimentaci\u00f3n con el proyecto \u201cNuevas estrategias de biocontrol de nem\u00e1todos con microorganismos rizosf\u00e9ricos (RhizoNem)\u201d liderado por Lainco y con la colaboraci\u00f3n de Leitat. La referencia del proyecto es SCPP2300C010476XV0.<\/p>\n<p><strong>Dra. Maite Muniesa<\/strong> de la Facultad de Biolog\u00eda con el proyecto \u201cDesarrollo de productos ricos en fagos para la lucha ecol\u00f3gica frente a los fitopat\u00f3genos causantes del \u201cFuego Bacteriano\u201d y la \u201cPodrerumbre Negra\u201d (FAGOPAT)\u201d liderado por Fertinagro Biotech SL y con la colaboraci\u00f3n de Fertinagro Nutrigenia SL y el CSIC. La referencia del proyecto es SCPP2300C010671XV0.<\/p>\n<p><strong>Drs. Josep M. Chimenos<\/strong> y <strong>Sergi Astals<\/strong> de la Facultad de Qu\u00edmica con el proyecto \u201cUtilizaci\u00f3n de subproductes de magnesio para facilitar la econom\u00eda circular en estaciones depuradores de aguas residuales urbanas mediante la recuperaci\u00f3n de f\u00f3sforo en forma de estruvita, upgrading de biog\u00e1s y producci\u00f3n de fertilizantes \u00a0(MagnEDAR)\u201d, liderado por Navarra de Infraestructuras Locales SA y con la colaboraci\u00f3n de Magnesitas Navarras SA; GYD Tecnolog\u00eda del agua SL; Asociaci\u00f3n Centro Tecnol\u00f3gico CEIT y la Universidad de Navarra. La referencia del proyecto es SCPP2300C010703XV0.<\/p>\n<p><strong>Dr. Josep M. Chimenos<\/strong> de la Facultad de Qu\u00edmica con el proyecto \u201cMateriales y metales sostenibles a partir del aprovechamiento de cenizas de fondo y volantes procedentes de la valorizaci\u00f3n energ\u00e9tica de residuos municipales (SMMASH)\u201d liderado por la SOCIEDADE GALEGA DO MEDIO AMBIENTE, SA, y con la colaboraci\u00f3n de NATUREA MEDIOAMBIENTE, S.L y la FUNDACION CENTRO TECNOL\u00d3GICO DE INVESTIGACION MULTISECTORIAL. La referencia del proyecto es SCPP2300C010606XV0.<\/p>\n<p><strong>Drs. Jordi Colomer Farrarons, Manel Puig y Pere Miribel<\/strong> de la Facultat de F\u00edsica con el proyecto \u201cDesarrollo de tecnolog\u00eda disruptiva no invasiva para medici\u00f3n del estr\u00e9s y estado emocional en personas con dificultades de comunicaci\u00f3n (EmotionalSigns)\u201d, liderado por 3DThinks y en colaboraci\u00f3n con la UPC. La referencia del proyecto es SCPP2300C010707XV0.<\/p>\n<p><a href=\"https:\/\/www.fbg.ub.edu\/es\/actualidad\/la-ub-logra-casi-un-millon-de-euros-de-financiacion-para-los-grupos-de-investigacion-en-la-convocatoria-ayudas-a-proyectos-de-colaboracion-publico-privada-2023\/attachment\/ministerio-2-2\/\" rel=\"attachment wp-att-20909\"><img loading=\"lazy\" decoding=\"async\" class=\"aligncenter size-medium wp-image-20909\" src=\"http:\/\/www.fbg.ub.edu\/wp-content\/uploads\/2025\/01\/ministerio-380x77.png\" alt=\"\" width=\"380\" height=\"77\" srcset=\"https:\/\/www.fbg.ub.edu\/wp-content\/uploads\/2025\/01\/ministerio-380x77.png 380w, https:\/\/www.fbg.ub.edu\/wp-content\/uploads\/2025\/01\/ministerio.png 733w\" sizes=\"auto, (max-width: 380px) 100vw, 380px\" \/><\/a><\/p>\n","protected":false},"excerpt":{"rendered":"<p>La Universidad de Barcelona (UB), con el apoyo de la Fundaci\u00f3n Bosch i Gimpera, la oficina de transferencia de la&#8230;<\/p>\n","protected":false},"author":2,"featured_media":20914,"comment_status":"closed","ping_status":"open","sticky":false,"template":"","format":"standard","meta":{"_acf_changed":false,"inline_featured_image":false,"_monsterinsights_skip_tracking":false,"_monsterinsights_sitenote_active":false,"_monsterinsights_sitenote_note":"","_monsterinsights_sitenote_category":0,"footnotes":""},"categories":[3],"tags":[],"class_list":["post-20915","post","type-post","status-publish","format-standard","has-post-thumbnail","hentry","category-actualidad"],"acf":[],"_links":{"self":[{"href":"https:\/\/www.fbg.ub.edu\/es\/wp-json\/wp\/v2\/posts\/20915","targetHints":{"allow":["GET"]}}],"collection":[{"href":"https:\/\/www.fbg.ub.edu\/es\/wp-json\/wp\/v2\/posts"}],"about":[{"href":"https:\/\/www.fbg.ub.edu\/es\/wp-json\/wp\/v2\/types\/post"}],"author":[{"embeddable":true,"href":"https:\/\/www.fbg.ub.edu\/es\/wp-json\/wp\/v2\/users\/2"}],"replies":[{"embeddable":true,"href":"https:\/\/www.fbg.ub.edu\/es\/wp-json\/wp\/v2\/comments?post=20915"}],"version-history":[{"count":2,"href":"https:\/\/www.fbg.ub.edu\/es\/wp-json\/wp\/v2\/posts\/20915\/revisions"}],"predecessor-version":[{"id":20927,"href":"https:\/\/www.fbg.ub.edu\/es\/wp-json\/wp\/v2\/posts\/20915\/revisions\/20927"}],"wp:featuredmedia":[{"embeddable":true,"href":"https:\/\/www.fbg.ub.edu\/es\/wp-json\/wp\/v2\/media\/20914"}],"wp:attachment":[{"href":"https:\/\/www.fbg.ub.edu\/es\/wp-json\/wp\/v2\/media?parent=20915"}],"wp:term":[{"taxonomy":"category","embeddable":true,"href":"https:\/\/www.fbg.ub.edu\/es\/wp-json\/wp\/v2\/categories?post=20915"},{"taxonomy":"post_tag","embeddable":true,"href":"https:\/\/www.fbg.ub.edu\/es\/wp-json\/wp\/v2\/tags?post=20915"}],"curies":[{"name":"wp","href":"https:\/\/api.w.org\/{rel}","templated":true}]}}