{"id":20707,"date":"2024-12-04T13:26:14","date_gmt":"2024-12-04T11:26:14","guid":{"rendered":"https:\/\/www.fbg.ub.edu\/?p=20707"},"modified":"2024-12-04T13:27:18","modified_gmt":"2024-12-04T11:27:18","slug":"la-fundacio-bosch-i-gimpera-y-el-consell-social-de-la-ub-galardonan-investigaciones-de-calidad-y-proyectos-de-transferencia-de-conocimiento","status":"publish","type":"post","link":"https:\/\/www.fbg.ub.edu\/es\/actualidad\/la-fundacio-bosch-i-gimpera-y-el-consell-social-de-la-ub-galardonan-investigaciones-de-calidad-y-proyectos-de-transferencia-de-conocimiento\/","title":{"rendered":"La Fundaci\u00f3 Bosch i Gimpera y el Consell Social de la UB galardonan investigaciones de calidad y proyectos de transferencia de conocimiento"},"content":{"rendered":"<p>El martes 3 de diciembre por la tarde tuvo lugar el acto de entrega de la vig\u00e9sima edici\u00f3n de los Premios del Consejo Social de la Universidad de Barcelona y la decimos\u00e9ptima de los Premios del Consejo Social de la Universidad de Barcelona y de la Fundaci\u00f3n Bosch i Gimpera .<br \/>\n\u200b\u200b\u200b\u200b\u200b\u200b\u200b\u200b\u200b\u200b\u200b\u200b\u200b\u200b\u200b\u200b\u200b\u200b\u200b\u200b\u200b<br \/>\nEl Aula Magna del Edificio Hist\u00f3rico acogi\u00f3 la entrega de los galardones, que distinguen investigaciones de alta calidad desarrolladas para j\u00f3venes investigadores, as\u00ed como casos de regreso a la sociedad de conocimientos adquiridos y desarrollados en la Universidad de Barcelona.<\/p>\n<p><a href=\"https:\/\/www.fbg.ub.edu\/es\/actualidad\/las-mujeres-y-las-personas-mayores-tienen-mayor-sensacion-de-inseguridad-y-estan-menos-presentes-en-los-parques-de-barcelona\/\" target=\"_blank\" rel=\"noopener\"><strong>Percepci\u00f3n de seguridad en los parques de Barcelona<\/strong><\/a><\/p>\n<p>El Premio Jos\u00e9 Manuel Blecua, que se otorga al mejor art\u00edculo publicado en una revista reconocida en el \u00e1mbito de las humanidades y las ciencias sociales, le recibi\u00f3 una investigaci\u00f3n que estudia la actividad cotidiana en seis parques de Barcelona y muestra qu\u00e9 factores aportan un grado m\u00e1s o menos elevado de percepci\u00f3n de seguridad.<\/p>\n<p>El estudio es parte de la tesis doctoral de F\u00e9lix P\u00e9rez Tejera, que ha contado con la direcci\u00f3n de Sergi Valera y Maria Teresa Anguera, profesores de la Facultad de Psicolog\u00eda de la UB. la creaci\u00f3n de un nuevo instrumento de observaci\u00f3n del comportamiento en espacios p\u00fablicos, \u00c9XOdES (examen observacional de espacios p\u00fablicos), que ya se aplica en otros estudios.<\/p>\n<p><a href=\"https:\/\/www.fbg.ub.edu\/es\/actualidad\/premio-ramon-margalef-por-una-investigacion-sobre-la-enfermedad-de-la-malaria\/\" target=\"_blank\" rel=\"noopener\"><strong>Estudio del par\u00e1sito de la malaria<\/strong><\/a><\/p>\n<p>El Premio Ramon Margalef, dirigido a la mejor investigaci\u00f3n publicada en una revista reconocida en el \u00e1mbito de las ciencias experimentales y de la salud derivada de una tesis doctoral, se entreg\u00f3 a Elisabet Tint\u00f3 por una investigaci\u00f3n sobre la enfermedad de la malaria, que afecta m\u00e1s de doscientos millones de personas. En concreto, la b\u00fasqueda ha descubierto c\u00f3mo el par\u00e1sito de la malaria se defiende de condiciones adversas en el hu\u00e9sped, incluida la fiebre.<\/p>\n<p>El estudio, publicado en un art\u00edculo en Nature Microbiology, forma parte de la tesis doctoral de Elisabet Tint\u00f3, investigadora del Instituto de Salud Global de Barcelona, \u200b\u200bdirigida por Alfred Cort\u00e9s.<\/p>\n<p><a href=\"https:\/\/www.fbg.ub.edu\/es\/actualidad\/la-universidad-de-barcelona-premia-un-proyecto-pionero-en-la-ensenanza-de-la-historia\/\" target=\"_blank\" rel=\"noopener\"><strong>Un proyecto pionero en la ense\u00f1anza de la historia<\/strong><\/a><\/p>\n<p>El premio Antoni Caparr\u00f3s, destinado al mejor proyecto de transferencia de conocimiento, tecnolog\u00eda e innovaci\u00f3n, se otorg\u00f3 a dos propuestas. El jurado ha decidido reconocer un proyecto educativo pionero con una metodolog\u00eda innovadora para la ense\u00f1anza de la historia y la comprensi\u00f3n de los procesos hist\u00f3ricos.<\/p>\n<p>El proyecto sigue la historia de la guitarra en el siglo XIX como herramienta para explorar m\u00faltiples facetas de esos tiempos. Esta aproximaci\u00f3n permite a los estudiantes adentrarse en la historia desde una perspectiva interdisciplinar que incluye aspectos pol\u00edticos, sociales, econ\u00f3micos y culturales.<\/p>\n<p>La Dra. Isidora Valentina S\u00e1ez, profesora de la Facultad de Educaci\u00f3n de la UB, ha liderado la investigaci\u00f3n, que se ha desarrollado en el marco de una colaboraci\u00f3n con el Instituto Tecnol\u00f3gico y de Estudios Superiores de Monterrey (M\u00e9xico).\u200b\u200b\u200b<\/p>\n<p><a href=\"https:\/\/www.fbg.ub.edu\/es\/actualidad\/el-premio-antoni-caparros-galardona-el-desarrollo-de-un-nuevo-producto-para-el-tratamiento-complementario-de-la-intolerancia-a-la-histamina\/\" target=\"_blank\" rel=\"noopener\"><strong>Tratamiento de la intolerancia en la histamina<\/strong><\/a><\/p>\n<p>La otra propuesta merecedora del Premio Antoni Caparr\u00f3s es de la Dra. Carmen Vidal Carou, catedr\u00e1tica de Nutrici\u00f3n y Bromatolog\u00eda de la Facultad de Farmacia y Ciencias de la Alimentaci\u00f3n de la UB y jefe del grupo de investigaci\u00f3n Aminas y Poliaminas Bioactivas de Alimentos.<\/p>\n<p>El equipo, que lidera la Dra. Vidal, ha desarrollado un innovador producto de origen vegetal para el tratamiento complementario de la intolerancia a la histamina, un desorden que afecta a cerca de un 1% de la poblaci\u00f3n en todo el mundo.<\/p>\n<p>En el proyecto premiado, los investigadores de la UB han desarrollado un nuevo ingrediente derivado de brotes de legumbres, en concreto, germinados de guisante liofilizados, capaz de degradar la histamina. Este producto es tan eficaz o m\u00e1s que el tratamiento basado en el extracto proteico de ri\u00f1\u00f3n porcino que se utiliza en la actualidad. De esta forma, se pueden ampliar las opciones diet\u00e9ticas disponibles, especialmente para personas vegetarianas, veganas o con restricciones religiosas en cuanto al consumo de alimentos derivados del cerdo.<\/p>\n<p>El jurado ha hecho constar un reconocimiento espec\u00edfico en el proyecto que ha llevado a cabo al dr. Xavier Font Castell en la actualizaci\u00f3n de datos de los m\u00f3dulos taxon\u00f3micos del Banco de Datos de Biodiversidad de Catalu\u00f1a. Es un instrumento clave para la investigaci\u00f3n y la docencia del medio y un referente para tomar decisiones informadas en la gesti\u00f3n medioambiental. Se trata de un proyecto activo durante m\u00e1s de veinticinco a\u00f1os, que ha permitido centralizar toda la informaci\u00f3n sobre la biodiversidad en Catalu\u00f1a.<\/p>\n<p><a href=\"https:\/\/www.fbg.ub.edu\/es\/actualidad\/reveal-genomics-gana-el-premio-senen-vilaro-2024-por-las-innovaciones-en-la-oncologia-de-precision\/\" target=\"_blank\" rel=\"noopener\"><strong>Oncolog\u00eda de precisi\u00f3n<\/strong><\/a><\/p>\n<p>Reveal Genomics se llev\u00f3 el premio Sen\u00e9n Vilar\u00f3 a la mejor empresa innovadora desarrollada dentro de la UB. La firma ha redefinido la oncolog\u00eda de precisi\u00f3n, mediante la identificaci\u00f3n de nuevos biomarcadores y el desarrollo de pruebas diagn\u00f3sticas que mejoran la evoluci\u00f3n y el bienestar de los enfermos de c\u00e1ncer.<\/p>\n<p>El primer producto de esta empresa derivada (spin-off) de la UB, del Hospital Cl\u00ednic de Barcelona, \u200b\u200bdel Vall d&#8217;Hebron Instituto de Oncolog\u00eda y del Instituto de Investigaciones Biom\u00e9dicas August Pi i Sunyer (IDIBAPS) , fue el test HER2DX\u00ae\ufe0f. Este instrumento diagn\u00f3stico \u00fanico en el mundo se dirige a pacientes con c\u00e1ncer de mama HER2 positivo, est\u00e1 dise\u00f1ado para mejorar la calidad de vida de los pacientes a corto y largo plazo, evitando tratamientos innecesarios y toxicidades graves derivadas de determinados f\u00e1rmacos, como la cardiotoxicidad.<\/p>\n<p>El test provee a pacientes y m\u00e9dicos de una ayuda para tomar decisiones basadas en el efecto beneficioso del tratamiento y la probabilidad de reca\u00edda. Adem\u00e1s, esta nueva herramienta satisface una urgente necesidad social y econ\u00f3mica, como el sobretratamiento, y la optimizaci\u00f3n de recursos.<\/p>\n","protected":false},"excerpt":{"rendered":"<p>El martes 3 de diciembre por la tarde tuvo lugar el acto de entrega de la vig\u00e9sima edici\u00f3n de los&#8230;<\/p>\n","protected":false},"author":2,"featured_media":20762,"comment_status":"closed","ping_status":"open","sticky":false,"template":"","format":"standard","meta":{"_acf_changed":false,"inline_featured_image":false,"_monsterinsights_skip_tracking":false,"_monsterinsights_sitenote_active":false,"_monsterinsights_sitenote_note":"","_monsterinsights_sitenote_category":0,"footnotes":""},"categories":[3],"tags":[],"class_list":["post-20707","post","type-post","status-publish","format-standard","has-post-thumbnail","hentry","category-actualidad"],"acf":[],"_links":{"self":[{"href":"https:\/\/www.fbg.ub.edu\/es\/wp-json\/wp\/v2\/posts\/20707","targetHints":{"allow":["GET"]}}],"collection":[{"href":"https:\/\/www.fbg.ub.edu\/es\/wp-json\/wp\/v2\/posts"}],"about":[{"href":"https:\/\/www.fbg.ub.edu\/es\/wp-json\/wp\/v2\/types\/post"}],"author":[{"embeddable":true,"href":"https:\/\/www.fbg.ub.edu\/es\/wp-json\/wp\/v2\/users\/2"}],"replies":[{"embeddable":true,"href":"https:\/\/www.fbg.ub.edu\/es\/wp-json\/wp\/v2\/comments?post=20707"}],"version-history":[{"count":3,"href":"https:\/\/www.fbg.ub.edu\/es\/wp-json\/wp\/v2\/posts\/20707\/revisions"}],"predecessor-version":[{"id":20768,"href":"https:\/\/www.fbg.ub.edu\/es\/wp-json\/wp\/v2\/posts\/20707\/revisions\/20768"}],"wp:featuredmedia":[{"embeddable":true,"href":"https:\/\/www.fbg.ub.edu\/es\/wp-json\/wp\/v2\/media\/20762"}],"wp:attachment":[{"href":"https:\/\/www.fbg.ub.edu\/es\/wp-json\/wp\/v2\/media?parent=20707"}],"wp:term":[{"taxonomy":"category","embeddable":true,"href":"https:\/\/www.fbg.ub.edu\/es\/wp-json\/wp\/v2\/categories?post=20707"},{"taxonomy":"post_tag","embeddable":true,"href":"https:\/\/www.fbg.ub.edu\/es\/wp-json\/wp\/v2\/tags?post=20707"}],"curies":[{"name":"wp","href":"https:\/\/api.w.org\/{rel}","templated":true}]}}