{"id":20647,"date":"2024-11-27T14:12:22","date_gmt":"2024-11-27T12:12:22","guid":{"rendered":"https:\/\/www.fbg.ub.edu\/?p=20647"},"modified":"2024-11-28T16:07:00","modified_gmt":"2024-11-28T14:07:00","slug":"entrega-de-los-premios-del-consejo-social-de-la-universidad-de-barcelona-y-de-la-fundacion-bosch-i-gimpera","status":"publish","type":"post","link":"https:\/\/www.fbg.ub.edu\/es\/actualidad\/entrega-de-los-premios-del-consejo-social-de-la-universidad-de-barcelona-y-de-la-fundacion-bosch-i-gimpera\/","title":{"rendered":"Entrega de los Premios del Consejo Social de la Universidad de Barcelona y de la Fundaci\u00f3n Bosch i Gimpera"},"content":{"rendered":"<p>El martes 3 de diciembre, a las 16:00, tendr\u00e1 lugar el acto de entrega de la vig\u00e9sima edici\u00f3n de los Premios del Consejo Social de la Universidad de Barcelona y la decimos\u00e9ptima de los Premios del Consejo Social de la Universidad de Barcelona y de la Fundaci\u00f3n Bosch i Gimpera.<br \/>\n\u200b\u200b\u200b\u200b\u200b\u200b\u200b<br \/>\nEl Aula Magna del Edificio Hist\u00f3rico acoger\u00e1 la entrega de los galardones, que distinguen investigaciones de alta calidad desarrolladas por j\u00f3venes investigadores, as\u00ed como casos de retorno a la sociedad de conocimientos adquiridos y desarrollados en la Universidad de Barcelona.<\/p>\n<section class=\"cuerpo-texto container-xl\">\n<div class=\"novedad-cuerpo\">\n<p><strong>Percepci\u00f3n de seguridad en los parques de Barcelona<\/strong><\/p>\n<p>El Premio Jos\u00e9 Manuel Blecua, que se otorga al mejor art\u00edculo publicado en una revista reconocida en el \u00e1mbito de las humanidades y las ciencias sociales, lo recibir\u00e1 una investigaci\u00f3n que estudia la actividad cotidiana en seis parques de Barcelona y muestra qu\u00e9 factores aportan un mayor o menor grado de percepci\u00f3n de seguridad.<\/p>\n<p>El estudio es parte de la tesis doctoral de F\u00e9lix P\u00e9rez Tejera, que ha contado con la direcci\u00f3n de Sergi Valera y Maria Teresa Anguera, profesores de la Facultad de Psicolog\u00eda de la UB. La investigaci\u00f3n, publicada en\u00a0<em>Journal of Environmental Psychology<\/em>, supuso la creaci\u00f3n de un nuevo instrumento de observaci\u00f3n del comportamiento en espacios p\u00fablicos, \u00c8XOdES (examen observacional de espacios p\u00fablicos), que ya se aplica en otros estudios.<\/p>\n<p><strong>Estudio del par\u00e1sito de la malaria<\/strong><\/p>\n<p>El Premio Ramon Margalef, dirigido a la mejor investigaci\u00f3n publicada en una revista reconocida en el \u00e1mbito de las ciencias experimentales y de la salud derivada de una tesis doctoral, se entregar\u00e1 a Elisabet Tint\u00f3 por una investigaci\u00f3n sobre la enfermedad de la malaria, que afecta a m\u00e1s de doscientos millones de personas. En concreto, la investigaci\u00f3n ha descubierto c\u00f3mo el par\u00e1sito de la malaria se defiende de condiciones adversas en el hu\u00e9sped, incluida la fiebre.<\/p>\n<p>El estudio, publicado en un art\u00edculo en\u00a0<em>Nature Microbiology,<\/em>\u00a0forma parte de la tesis doctoral de Elisabet Tint\u00f3, investigadora del Instituto de Salud Global de Barcelona, dirigida por Alfred Cort\u00e9s.<\/p>\n<p><strong>Un proyecto pionero en la ense\u00f1anza de la historia<\/strong><\/p>\n<p>El Premio Antoni Caparr\u00f3s, destinado al mejor proyecto de transferencia de conocimiento, tecnolog\u00eda e innovaci\u00f3n, se otorgar\u00e1 a dos propuestas. El jurado ha decidido reconocer un proyecto educativo pionero con una metodolog\u00eda innovadora para la ense\u00f1anza de la historia y la comprensi\u00f3n de los procesos hist\u00f3ricos.<\/p>\n<p>El proyecto sigue la historia de la guitarra en el siglo XIX como herramienta para explorar m\u00faltiples facetas de la \u00e9poca. Esta aproximaci\u00f3n permite a los estudiantes adentrarse en la historia desde una perspectiva interdisciplinar que incluye aspectos pol\u00edticos, sociales, econ\u00f3micos y culturales.<\/p>\n<p>Isidora Valentina S\u00e1ez, profesora de la Facultad de Educaci\u00f3n de la UB, ha liderado la investigaci\u00f3n, que se ha desarrollado en el marco de una colaboraci\u00f3n con el Instituto Tecnol\u00f3gico y de Estudios Superiores de Monterrey (M\u00e9xico).<br \/>\n\u200b\u200b\u200b\u200b\u200b\u200b\u200b<br \/>\n<strong>Tratamiento de la intolerancia a la histamina<\/strong><\/p>\n<p>La otra propuesta merecedora del Premio Antoni Caparr\u00f3s es de M. Carmen Vidal Carou, catedr\u00e1tica de Nutrici\u00f3n y Bromatolog\u00eda de la Facultad de Farmacia y Ciencias de la Alimentaci\u00f3n de la UB y jefa del grupo de investigaci\u00f3n Aminas y Poliaminas Bioactivas de los Alimentos.<\/p>\n<p>El equipo, que lidera la doctora Vidal, ha desarrollado un innovador producto de origen vegetal para el tratamiento complementario de la intolerancia a la histamina, un desorden que afecta a cerca de un 1 % de la poblaci\u00f3n mundial.<br \/>\nEn el proyecto premiado, los investigadores de la UB han desarrollado un nuevo ingrediente derivado de brotes de legumbres, en concreto, germinados de guisantes liofilizados, capaz de degradar la histamina. Este producto es tan eficaz o m\u00e1s que el tratamiento basado en el extracto proteico de ri\u00f1\u00f3n porcino que se utiliza en la actualidad. De este modo, se pueden ampliar las opciones diet\u00e9ticas disponibles, especialmente para personas vegetarianas, veganas o con restricciones religiosas respecto al consumo de alimentos derivados del cerdo.<\/p>\n<p>El jurado ha otorgado un reconocimiento espec\u00edfico al proyecto que ha llevado a cabo Xavier Font Castell en la actualizaci\u00f3n de datos de los m\u00f3dulos taxon\u00f3micos del Banco de Datos de Biodiversidad de Catalu\u00f1a. Es un instrumento clave para la investigaci\u00f3n y la docencia del medio y un referente para tomar decisiones informadas en la gesti\u00f3n medioambiental. Se trata de un proyecto activo durante m\u00e1s de veinticinco a\u00f1os, que ha permitido centralizar toda la informaci\u00f3n sobre la biodiversidad en Catalu\u00f1a. \u200b\u200b\u200b\u200b\u200b\u200b\u200b<\/p>\n<p><strong>Oncolog\u00eda de precisi\u00f3n<\/strong><\/p>\n<p>Reveal Genomics se llevar\u00e1 el Premio Sen\u00e9n Vilar\u00f3 a la mejor empresa innovadora desarrollada dentro de la UB. La firma ha redefinido la oncolog\u00eda de precisi\u00f3n mediante la identificaci\u00f3n de nuevos biomarcadores y el desarrollo de pruebas diagn\u00f3sticas que mejoran la evoluci\u00f3n y bienestar de los pacientes con c\u00e1ncer.<\/p>\n<p>El primer producto de esta empresa derivada (spin-off) de la UB, del Hospital Cl\u00ednico de Barcelona, del Vall d\u2019Hebron Instituto de Oncolog\u00eda y del Instituto de Investigaciones Biom\u00e9dicas August Pi i Sunyer (IDIBAPS), fue el test HER2DX\u00ae\ufe0f. Este instrumento diagn\u00f3stico \u00fanico en el mundo se dirige a pacientes con c\u00e1ncer de mama HER2 positivo, est\u00e1 dise\u00f1ado para mejorar su calidad de vida a corto y largo plazo y evita tratamientos innecesarios y toxicidades graves derivadas de determinados f\u00e1rmacos, como la cardiotoxicidad.<\/p>\n<p>El test provee a pacientes y m\u00e9dicos de una ayuda para tomar decisiones basadas en el efecto beneficioso del tratamiento y la probabilidad de reca\u00edda. El prop\u00f3sito de HER2DX\u00ae\ufe0f es mejorar el pron\u00f3stico de los pacientes y, por lo tanto, impactar directamente en su supervivencia. Adem\u00e1s, esta nueva herramienta satisface una necesidad social y econ\u00f3mica urgente, como el sobretratamiento, y la optimizaci\u00f3n de recursos.<\/p>\n<\/div>\n<\/section>\n","protected":false},"excerpt":{"rendered":"<p>El martes 3 de diciembre, a las 16:00, tendr\u00e1 lugar el acto de entrega de la vig\u00e9sima edici\u00f3n de los&#8230;<\/p>\n","protected":false},"author":2,"featured_media":20644,"comment_status":"closed","ping_status":"open","sticky":false,"template":"","format":"standard","meta":{"_acf_changed":false,"inline_featured_image":false,"_monsterinsights_skip_tracking":false,"_monsterinsights_sitenote_active":false,"_monsterinsights_sitenote_note":"","_monsterinsights_sitenote_category":0,"footnotes":""},"categories":[3],"tags":[],"class_list":["post-20647","post","type-post","status-publish","format-standard","has-post-thumbnail","hentry","category-actualidad"],"acf":[],"_links":{"self":[{"href":"https:\/\/www.fbg.ub.edu\/es\/wp-json\/wp\/v2\/posts\/20647","targetHints":{"allow":["GET"]}}],"collection":[{"href":"https:\/\/www.fbg.ub.edu\/es\/wp-json\/wp\/v2\/posts"}],"about":[{"href":"https:\/\/www.fbg.ub.edu\/es\/wp-json\/wp\/v2\/types\/post"}],"author":[{"embeddable":true,"href":"https:\/\/www.fbg.ub.edu\/es\/wp-json\/wp\/v2\/users\/2"}],"replies":[{"embeddable":true,"href":"https:\/\/www.fbg.ub.edu\/es\/wp-json\/wp\/v2\/comments?post=20647"}],"version-history":[{"count":4,"href":"https:\/\/www.fbg.ub.edu\/es\/wp-json\/wp\/v2\/posts\/20647\/revisions"}],"predecessor-version":[{"id":20660,"href":"https:\/\/www.fbg.ub.edu\/es\/wp-json\/wp\/v2\/posts\/20647\/revisions\/20660"}],"wp:featuredmedia":[{"embeddable":true,"href":"https:\/\/www.fbg.ub.edu\/es\/wp-json\/wp\/v2\/media\/20644"}],"wp:attachment":[{"href":"https:\/\/www.fbg.ub.edu\/es\/wp-json\/wp\/v2\/media?parent=20647"}],"wp:term":[{"taxonomy":"category","embeddable":true,"href":"https:\/\/www.fbg.ub.edu\/es\/wp-json\/wp\/v2\/categories?post=20647"},{"taxonomy":"post_tag","embeddable":true,"href":"https:\/\/www.fbg.ub.edu\/es\/wp-json\/wp\/v2\/tags?post=20647"}],"curies":[{"name":"wp","href":"https:\/\/api.w.org\/{rel}","templated":true}]}}