{"id":16709,"date":"2023-07-14T14:50:25","date_gmt":"2023-07-14T12:50:25","guid":{"rendered":"http:\/\/161.116.26.48\/?p=16709"},"modified":"2023-07-14T15:04:30","modified_gmt":"2023-07-14T13:04:30","slug":"moises-carmona-nos-gusta-construir-organizaciones-comunitarias-para-dar-respuesta-a-las-discriminaciones-y-opresiones","status":"publish","type":"post","link":"https:\/\/www.fbg.ub.edu\/es\/actualidad\/moises-carmona-nos-gusta-construir-organizaciones-comunitarias-para-dar-respuesta-a-las-discriminaciones-y-opresiones\/","title":{"rendered":"Mois\u00e8s Carmona: \u00abNos gusta construir organizaciones comunitarias para dar respuesta a las discriminaciones y opresiones\u00bb"},"content":{"rendered":"<p>Entrevistamos al <strong>Dr. Mois\u00e8s Carmona<\/strong>, profesor de la <strong>Facultad de Psicolog\u00eda de la Universidad de Barcelona<\/strong> y miembro del <strong>Grupo de Investigaci\u00f3n en Interacci\u00f3n y Cambio Social<\/strong>.<\/p>\n<p>Con el Dr. Carmona conversamos sobre la interacci\u00f3n entre las personas y el contexto en el que viven, y la importancia de organizarse colectivamente para hacer frente a las discriminaciones.<\/p>\n<p><strong>\u00bfCu\u00e1l es la finalidad de su grupo de investigaci\u00f3n?<\/strong><br \/>\nNos interesa sobre todo la interacci\u00f3n entre las personas y el contexto. Intentamos comprender c\u00f3mo nos afecta la relaci\u00f3n con las dem\u00e1s personas y en el contexto en el que vivimos. La finalidad del grupo de investigaci\u00f3n es contribuir a mejorar aspectos de la sociedad. Somos una universidad p\u00fablica, nos financiamos con dinero p\u00fablico y nos sentimos comprometidos a que debemos devolver a la sociedad todo lo que nos da.<\/p>\n<p><strong>\u00bfEn qu\u00e9 consiste la psicolog\u00eda comunitaria?<\/strong><br \/>\nLa psicolog\u00eda comunitaria se refiere a aquellos aspectos y estructuras sociales que influyen en nuestro comportamiento cotidiano. Desde mi punto de vista, la psicolog\u00eda es una disciplina que ha puesto el foco en las carencias, problemas, d\u00e9ficits. Por el contrario, la psicolog\u00eda comunitaria se centra en las fortalezas, sin obviar que tambi\u00e9n existen los problemas. Cuando trabajamos con un grupo de personas, tratamos de observar cu\u00e1les son los aspectos m\u00e1s potentes de esa comunidad y que pueden servir para contribuir a promover un cambio social. Trabajamos para mejorar las condiciones de vida de la gente y hacer emerger las opresiones que vivimos en la sociedad y que quedan escondidas.<\/p>\n<p><strong>\u00bfC\u00f3mo por ejemplo?<\/strong><br \/>\nHemos realizado un proyecto europeo para ver en qu\u00e9 medida las universidades son integradoras del colectivo LGTBI y promueven su participaci\u00f3n. O vamos a barrios como Gr\u00e0cia y Poblenou para analizar los efectos de la gentrificaci\u00f3n y ver c\u00f3mo afecta esto a los vecinos que son expulsados \u200b\u200bdel barrio ya la gente que se queda. Queremos poner en valor problem\u00e1ticas que quedan olvidadas, denunciar que existen estas situaciones y abordarlas de otra manera.<\/p>\n<p><strong>\u00bfC\u00f3mo influye la perspectiva de g\u00e9nero, raza y clase en la psicolog\u00eda comunitaria?<\/strong><br \/>\nInfluye mucho. En una asignatura que hacemos en la Facultad, pedimos a los estudiantes que nos narren situaciones de opresi\u00f3n que han vivido. Las estudiantes que son mujeres r\u00e1pidamente conectan con situaciones de opresi\u00f3n que han sufrido, desde acoso, miradas, incluso situaciones muy graves. Y en el caso de los hombres, algunos son incapaces de conectar con ninguna situaci\u00f3n de opresi\u00f3n que hayan vivido, y estoy seguro de que a pesar de ser hombre, joven, blanco, europeo y universitario han sufrido alguna situaci\u00f3n de opresi\u00f3n.<\/p>\n<p><strong>Las discriminaciones que siguen sufriendo las mujeres hoy en d\u00eda son terribles&#8230;<\/strong><br \/>\nEn el caso del g\u00e9nero, es un ejemplo clar\u00edsimo que ser hombre o mujer en esta sociedad es completamente distinto. Las mujeres llevan cadenas por el hecho de ser mujeres, y los hombres no las llevamos. Desde nuestro grupo de investigaci\u00f3n, queremos que la gente sea consciente de que las cosas que le ocurren no son por gracia divina, sino que suceden por c\u00f3mo est\u00e1 configurada la sociedad, que ha hecho que haya unas personas que tengan unos privilegios y otros no.<\/p>\n<p><strong>\u00bfY qu\u00e9 se puede hacer para combatir estas discriminaciones?<\/strong><br \/>\nDebemos reflexionar y aprender de las causas de estas discriminaciones y opresiones, y colectivamente tratar c\u00f3mo darle respuesta. Creemos que es fundamental que las respuestas sean sociales. Muchas de las causas que podemos sufrir son de \u00e1mbito social y, por tanto, la soluci\u00f3n tambi\u00e9n debe pasar por medidas sociales. Debemos ser capaces de organizarnos colectivamente para dar respuesta a estas discriminaciones y opresiones. Desde el grupo de investigaci\u00f3n nos gusta construir organizaciones comunitarias, grupales, para dar respuesta. Nosotros no vamos a salvar a nadie, sino que queremos ayudar a que se organicen para resolver estas discriminaciones.<\/p>\n<p><strong>En un contexto de pospandemia, las consecuencias de la guerra en Ucrania, una inflaci\u00f3n muy elevada&#8230; \u00bfQu\u00e9 importante es que la sociedad se organice para hacer frente a momentos que pueden resultar complicados para muchas personas?<\/strong><br \/>\nEs trascendental. Durante la pandemia, vimos que en determinantes barrios la gente se organizaba, desde vecinos que se preocupaban de llevar la comida a otros vecinos que no pod\u00edan salir porque eran personas muy mayores, etc\u00e9tera. Vimos que esto no suced\u00eda en todos los barrios. Los barrios en los que hab\u00eda una organizaci\u00f3n comunitaria previa m\u00e1s o menos fuerte, la gente se organizaba para hacer frente a la pandemia. Y al rev\u00e9s, en aquellos barrios donde no sol\u00eda haber mucha organizaci\u00f3n comunitaria, era m\u00e1s dif\u00edcil que surgieran iniciativas as\u00ed. Por tanto, donde hay una experiencia previa de organizaci\u00f3n es m\u00e1s f\u00e1cil que lo sigan haciendo en un futuro. Como sociedad, debemos ser capaces de organizarnos para solucionar problemas peque\u00f1os y grandes.<\/p>\n<p><strong>Es un grupo de investigaci\u00f3n muy activo. \u00bfQu\u00e9 proyectos tiene sobre la mesa en la actualidad?<\/strong><br \/>\nTenemos muchos, je, je. Estamos con un proyecto del CatSalut para hacer una propuesta para humanizar el sistema de salud, porque vemos que existe un d\u00e9ficit sobre la experiencia del paciente. Queremos humanizar los servicios p\u00fablicos para que las personas que participen tengan una experiencia m\u00e1s satisfactoria. Nos interesa establecer un grupo de trabajo para ver qu\u00e9 experiencias existen y c\u00f3mo conseguir que los profesionales ofrezcan una atenci\u00f3n m\u00e1s cercana, m\u00e1s humana y m\u00e1s reconfortante. Queremos que el usuario se sienta que le est\u00e1n tratando como una persona y no como un n\u00famero.<\/p>\n<p><strong>Tambi\u00e9n tiene un proyecto con la Fundaci\u00f3n Catalana del Esplai para ver el impacto educativo en los ratos de ocio en las escuelas.<\/strong><br \/>\nS\u00ed, es un proyecto que hacemos en colaboraci\u00f3n con un grupo de investigaci\u00f3n de la Facultad de Educaci\u00f3n de la UB. El objetivo es ver c\u00f3mo influye en la educaci\u00f3n de los ni\u00f1os el rato del mediod\u00eda, donde los ni\u00f1os y ni\u00f1as comen y realizan actividades. Queremos saber qu\u00e9 valor tiene este espacio, donde los ni\u00f1os aprenden a relacionarse, adquieren valores y h\u00e1bitos alimenticios y de salud.<\/p>\n<p style=\"text-align: center;\"><iframe loading=\"lazy\" width=\"560\" height=\"315\" src=\"https:\/\/www.youtube.com\/embed\/EDvUIHjzJCc\" title=\"YouTube video player\" frameborder=\"0\" allow=\"accelerometer; autoplay; clipboard-write; encrypted-media; gyroscope; picture-in-picture; web-share\" allowfullscreen><\/iframe><\/p>\n<h3>M\u00e1s sobre Mois\u00e9s Carmona<\/h3>\n<p><strong>\u00bfEl mejor invento de la historia?<\/strong><br \/>\nLa m\u00fasica<\/p>\n<p><strong>\u00bfQu\u00e9 le gustar\u00eda ver en un futuro?<\/strong><br \/>\nUna sociedad m\u00e1s humana<\/p>\n<p><strong>\u00bfUn avance del futuro que le d\u00e9 miedo?<\/strong><br \/>\nEl ChatGPT y las medidas que se puedan tomar que sustituyan a las personas<\/p>\n<p><strong>\u00bfUn referente?<\/strong><br \/>\nCarolyn Kagan, una acad\u00e9mica que admiro y que conjug\u00f3 la ciencia con un compromiso social muy potente<\/p>\n<p><strong>\u00bfQu\u00e9 podr\u00eda hacerse para conseguir la igualdad entre hombres y mujeres?<\/strong><br \/>\nMucha educaci\u00f3n y que los hombres nos trabajemos los privilegios que tenemos y darnos cuenta de que la vida no es igual por el hecho de ser hombre o mujer<\/p>\n<p><strong>La FBG es\u2026<\/strong><br \/>\nPara nosotros es un apoyo y una ayuda para desarrollar proyectos de investigaci\u00f3n de una manera m\u00e1s eficaz, \u00e1gil y f\u00e1cil. Nos hemos sentido siempre muy bien acompa\u00f1ados<\/p>\n","protected":false},"excerpt":{"rendered":"<p>Entrevistamos al Dr. Mois\u00e8s Carmona, profesor de la Facultad de Psicolog\u00eda de la Universidad de Barcelona y miembro del Grupo&#8230;<\/p>\n","protected":false},"author":2,"featured_media":16720,"comment_status":"closed","ping_status":"open","sticky":false,"template":"","format":"standard","meta":{"_acf_changed":false,"inline_featured_image":false,"_monsterinsights_skip_tracking":false,"_monsterinsights_sitenote_active":false,"_monsterinsights_sitenote_note":"","_monsterinsights_sitenote_category":0,"footnotes":""},"categories":[3],"tags":[],"class_list":["post-16709","post","type-post","status-publish","format-standard","has-post-thumbnail","hentry","category-actualidad"],"acf":[],"_links":{"self":[{"href":"https:\/\/www.fbg.ub.edu\/es\/wp-json\/wp\/v2\/posts\/16709","targetHints":{"allow":["GET"]}}],"collection":[{"href":"https:\/\/www.fbg.ub.edu\/es\/wp-json\/wp\/v2\/posts"}],"about":[{"href":"https:\/\/www.fbg.ub.edu\/es\/wp-json\/wp\/v2\/types\/post"}],"author":[{"embeddable":true,"href":"https:\/\/www.fbg.ub.edu\/es\/wp-json\/wp\/v2\/users\/2"}],"replies":[{"embeddable":true,"href":"https:\/\/www.fbg.ub.edu\/es\/wp-json\/wp\/v2\/comments?post=16709"}],"version-history":[{"count":4,"href":"https:\/\/www.fbg.ub.edu\/es\/wp-json\/wp\/v2\/posts\/16709\/revisions"}],"predecessor-version":[{"id":16758,"href":"https:\/\/www.fbg.ub.edu\/es\/wp-json\/wp\/v2\/posts\/16709\/revisions\/16758"}],"wp:featuredmedia":[{"embeddable":true,"href":"https:\/\/www.fbg.ub.edu\/es\/wp-json\/wp\/v2\/media\/16720"}],"wp:attachment":[{"href":"https:\/\/www.fbg.ub.edu\/es\/wp-json\/wp\/v2\/media?parent=16709"}],"wp:term":[{"taxonomy":"category","embeddable":true,"href":"https:\/\/www.fbg.ub.edu\/es\/wp-json\/wp\/v2\/categories?post=16709"},{"taxonomy":"post_tag","embeddable":true,"href":"https:\/\/www.fbg.ub.edu\/es\/wp-json\/wp\/v2\/tags?post=16709"}],"curies":[{"name":"wp","href":"https:\/\/api.w.org\/{rel}","templated":true}]}}