{"id":15442,"date":"2023-01-30T18:24:19","date_gmt":"2023-01-30T16:24:19","guid":{"rendered":"http:\/\/161.116.26.48\/?p=15442"},"modified":"2023-01-30T18:24:51","modified_gmt":"2023-01-30T16:24:51","slug":"es-presenta-un-informe-sobre-la-situacio-de-la-musica-classica-a-catalunya","status":"publish","type":"post","link":"https:\/\/www.fbg.ub.edu\/es\/actualidad\/es-presenta-un-informe-sobre-la-situacio-de-la-musica-classica-a-catalunya\/","title":{"rendered":"Es presenta un informe sobre la situaci\u00f3 de la m\u00fasica cl\u00e0ssica a Catalunya"},"content":{"rendered":"<p>El dimecres 1 de febrer a les 13:00, a l\u2019Aula Magna de la Facultat de Geografia i Hist\u00f2ria de la Universitat de Barcelona (Montalegre, 6), es presentar\u00e0 l\u2019informe La situaci\u00f3 de la m\u00fasica cl\u00e0ssica a Catalunya, encarregat per l\u2019Associaci\u00f3 Catalana d\u2019Int\u00e8rprets de M\u00fasica Cl\u00e0ssica (ACIMC) al grup de recerca RESCUE (Recerca en Estudis Culturals i Estad\u00edstics) de la UB.<\/p>\n<p>La presentaci\u00f3 anir\u00e0 a c\u00e0rrec del vicerector de Patrimoni i Activitats Culturals de la UB, Agust\u00ed Alcoberro Pericay; del president de l\u2019ACIMC, Llu\u00eds Rodr\u00edguez Salv\u00e0, i de les professores Magda Polo Pujadas, del Departament d\u2019Hist\u00f2ria de l\u2019Art, i Arlinda Garcia Coll, del Departament de Geografia, encarregades de la recerca i autores de l\u2019informe.<\/p>\n<p>L\u2019ACIMC ha empr\u00e8s l\u2019elaboraci\u00f3 d\u2019aquest estudi anual amb la voluntat d\u2019aconseguir dades fiables del sector de la m\u00fasica cl\u00e0ssica a Catalunya que permetin confeccionar un mapa de l\u2019activitat musical al nostre pa\u00eds i, aix\u00ed, ajudin a la presa de decisions en pol\u00edtica cultural. Per aix\u00f2, s\u2019ha creat una base de dades amb tots els concerts en viu que hi va haver a Catalunya als principals equipaments durant el 2021. Per fer-ho, s\u2019han buidat i explotat dades relatives a associacions, formacions musicals, repertoris, compositors, int\u00e8rprets, etc.<\/p>\n<p>\u00c9s el primer cop que s\u2019elabora un informe d\u2019aquestes caracter\u00edstiques a Catalunya, a Espanya i, fins i tot, a Europa. La seva continu\u00eftat anual permetr\u00e0 saber quin \u00e9s el pes de la m\u00fasica cl\u00e0ssica a casa nostra, quin patrimoni musical es recupera i s\u2019interpreta, quins s\u00f3n els gustos musicals del p\u00fablic i dels programadors, quin biaix de g\u00e8nere hi ha entre els compositors i els int\u00e8rprets, etc. Es tracta d\u2019informaci\u00f3 molt rellevant per a programadors, sales de concerts, equipaments culturals, gestors culturals, escoles de m\u00fasica, conservatoris, m\u00fasics, etc.<\/p>\n","protected":false},"excerpt":{"rendered":"<p>El dimecres 1 de febrer a les 13:00, a l\u2019Aula Magna de la Facultat de Geografia i Hist\u00f2ria de la&#8230;<\/p>\n","protected":false},"author":2,"featured_media":15443,"comment_status":"closed","ping_status":"open","sticky":false,"template":"","format":"standard","meta":{"_acf_changed":false,"inline_featured_image":false,"_monsterinsights_skip_tracking":false,"_monsterinsights_sitenote_active":false,"_monsterinsights_sitenote_note":"","_monsterinsights_sitenote_category":0,"footnotes":""},"categories":[3],"tags":[],"class_list":["post-15442","post","type-post","status-publish","format-standard","has-post-thumbnail","hentry","category-actualidad"],"acf":[],"_links":{"self":[{"href":"https:\/\/www.fbg.ub.edu\/es\/wp-json\/wp\/v2\/posts\/15442","targetHints":{"allow":["GET"]}}],"collection":[{"href":"https:\/\/www.fbg.ub.edu\/es\/wp-json\/wp\/v2\/posts"}],"about":[{"href":"https:\/\/www.fbg.ub.edu\/es\/wp-json\/wp\/v2\/types\/post"}],"author":[{"embeddable":true,"href":"https:\/\/www.fbg.ub.edu\/es\/wp-json\/wp\/v2\/users\/2"}],"replies":[{"embeddable":true,"href":"https:\/\/www.fbg.ub.edu\/es\/wp-json\/wp\/v2\/comments?post=15442"}],"version-history":[{"count":1,"href":"https:\/\/www.fbg.ub.edu\/es\/wp-json\/wp\/v2\/posts\/15442\/revisions"}],"predecessor-version":[{"id":15446,"href":"https:\/\/www.fbg.ub.edu\/es\/wp-json\/wp\/v2\/posts\/15442\/revisions\/15446"}],"wp:featuredmedia":[{"embeddable":true,"href":"https:\/\/www.fbg.ub.edu\/es\/wp-json\/wp\/v2\/media\/15443"}],"wp:attachment":[{"href":"https:\/\/www.fbg.ub.edu\/es\/wp-json\/wp\/v2\/media?parent=15442"}],"wp:term":[{"taxonomy":"category","embeddable":true,"href":"https:\/\/www.fbg.ub.edu\/es\/wp-json\/wp\/v2\/categories?post=15442"},{"taxonomy":"post_tag","embeddable":true,"href":"https:\/\/www.fbg.ub.edu\/es\/wp-json\/wp\/v2\/tags?post=15442"}],"curies":[{"name":"wp","href":"https:\/\/api.w.org\/{rel}","templated":true}]}}