{"id":15261,"date":"2023-01-17T15:34:24","date_gmt":"2023-01-17T13:34:24","guid":{"rendered":"http:\/\/161.116.26.48\/?p=15261"},"modified":"2023-01-18T15:35:14","modified_gmt":"2023-01-18T13:35:14","slug":"investigadores-de-la-ub-reciben-una-ayuda-agaur-llavor-para-disenar-un-nuevo-farmaco-contra-una-diana-epigenetica-de-la-enfermedad-de-alzheimer","status":"publish","type":"post","link":"https:\/\/www.fbg.ub.edu\/es\/actualidad\/investigadores-de-la-ub-reciben-una-ayuda-agaur-llavor-para-disenar-un-nuevo-farmaco-contra-una-diana-epigenetica-de-la-enfermedad-de-alzheimer\/","title":{"rendered":"Investigadores de la UB reciben una ayuda AGAUR-Llavor para dise\u00f1ar un nuevo f\u00e1rmaco contra una diana epigen\u00e9tica de la enfermedad de Alzheimer"},"content":{"rendered":"<p>La Universidad de Barcelona, a trav\u00e9s de su oficina de transferencia de tecnolog\u00eda e innovaci\u00f3n, la Fundaci\u00f3n Bosch i Gimpera, ha recibido de la AGAUR una ayuda Llavor de 20.000 euros para llevar a cabo un proyecto vinculado al dise\u00f1o y la validaci\u00f3n de un nuevo compuesto para bloquear una diana epigen\u00e9tica contra la enfermedad de Alzheimer. Esta enfermedad neurodegenerativa es la causa m\u00e1s frecuente de demencia, y afecta a m\u00e1s de 800.000 personas en Espa\u00f1a. El proyecto est\u00e1 liderado por el investigador Christian Gri\u00f1\u00e1n Ferr\u00e9, profesor del Departamento de Farmacolog\u00eda, Toxicolog\u00eda y Qu\u00edmica Terap\u00e9utica de la Facultad de Farmacia y Ciencias de la Alimentaci\u00f3n de la UB y miembro del Instituto de Neurociencias.<\/p>\n<p>A\u00fan no se sabe cu\u00e1l es la causa del Alzheimer, pero probablemente implica una combinaci\u00f3n de factores gen\u00e9ticos, bioqu\u00edmicos y ambientales. En este contexto, los f\u00e1rmacos dirigidos a la regulaci\u00f3n epigen\u00e9tica \u2212es decir, los cambios en el ADN causados por la edad y los factores ambientales que no modifican la secuencia gen\u00e9tica\u2212 podr\u00edan ser efectivos para tratar un trastorno neurodegenerativo como la enfermedad de Alzheimer, que est\u00e1 muy relacionada con el envejecimiento.<\/p>\n<p>En este sentido, los investigadores han dise\u00f1ado, sintetizado y evaluado farmacol\u00f3gicamente una nueva clase de inhibidor de la metiltransferasa G9a, una mol\u00e9cula que promueve cambios epigen\u00e9ticos implicados en el aprendizaje y la formaci\u00f3n de la memoria. Este nuevo compuesto ha mostrado en experimentos previos una gran potencia y selectividad para bloquear esta mol\u00e9cula, siendo capaz de cruzar la barrera hematoencef\u00e1lica que protege el cerebro, lo que se ha traducido en una mejora de diferentes marcadores de la enfermedad de Alzheimer. Adem\u00e1s, los mecanismos de acci\u00f3n del nuevo compuesto son distintos de los de los f\u00e1rmacos comercializados actualmente contra esta enfermedad, lo cual abre por tanto la posibilidad de una terapia combinada con algunos de estos medicamentos.<\/p>\n<p>El objetivo del nuevo proyecto es sintetizar nuevos derivados de este compuesto para mejorar su eficacia, potencia y selectividad. Adem\u00e1s, se llevar\u00e1 a cabo un estudio piloto en un modelo animal \u2212el gusano de tierra <em>C. elegans<\/em>\u2212 para comprobar sus efectos en la cognici\u00f3n y en otros biomarcadores importantes de la enfermedad de Alzheimer.<\/p>\n<p>El proyecto, con n\u00famero de expediente 2021 LLAV 0086, ha recibido una ayuda Industria del Conocimiento en la modalidad \u201cAyudas Llavor para proyectos innovadores con potencial de incorporaci\u00f3n al sector productivo\u201d.<\/p>\n","protected":false},"excerpt":{"rendered":"<p>La Universidad de Barcelona, a trav\u00e9s de su oficina de transferencia de tecnolog\u00eda e innovaci\u00f3n, la Fundaci\u00f3n Bosch i Gimpera,&#8230;<\/p>\n","protected":false},"author":2,"featured_media":15259,"comment_status":"closed","ping_status":"open","sticky":false,"template":"","format":"standard","meta":{"_acf_changed":false,"inline_featured_image":false,"_monsterinsights_skip_tracking":false,"_monsterinsights_sitenote_active":false,"_monsterinsights_sitenote_note":"","_monsterinsights_sitenote_category":0,"footnotes":""},"categories":[3],"tags":[],"class_list":["post-15261","post","type-post","status-publish","format-standard","has-post-thumbnail","hentry","category-actualidad"],"acf":[],"_links":{"self":[{"href":"https:\/\/www.fbg.ub.edu\/es\/wp-json\/wp\/v2\/posts\/15261","targetHints":{"allow":["GET"]}}],"collection":[{"href":"https:\/\/www.fbg.ub.edu\/es\/wp-json\/wp\/v2\/posts"}],"about":[{"href":"https:\/\/www.fbg.ub.edu\/es\/wp-json\/wp\/v2\/types\/post"}],"author":[{"embeddable":true,"href":"https:\/\/www.fbg.ub.edu\/es\/wp-json\/wp\/v2\/users\/2"}],"replies":[{"embeddable":true,"href":"https:\/\/www.fbg.ub.edu\/es\/wp-json\/wp\/v2\/comments?post=15261"}],"version-history":[{"count":1,"href":"https:\/\/www.fbg.ub.edu\/es\/wp-json\/wp\/v2\/posts\/15261\/revisions"}],"predecessor-version":[{"id":15262,"href":"https:\/\/www.fbg.ub.edu\/es\/wp-json\/wp\/v2\/posts\/15261\/revisions\/15262"}],"wp:featuredmedia":[{"embeddable":true,"href":"https:\/\/www.fbg.ub.edu\/es\/wp-json\/wp\/v2\/media\/15259"}],"wp:attachment":[{"href":"https:\/\/www.fbg.ub.edu\/es\/wp-json\/wp\/v2\/media?parent=15261"}],"wp:term":[{"taxonomy":"category","embeddable":true,"href":"https:\/\/www.fbg.ub.edu\/es\/wp-json\/wp\/v2\/categories?post=15261"},{"taxonomy":"post_tag","embeddable":true,"href":"https:\/\/www.fbg.ub.edu\/es\/wp-json\/wp\/v2\/tags?post=15261"}],"curies":[{"name":"wp","href":"https:\/\/api.w.org\/{rel}","templated":true}]}}