{"id":15247,"date":"2023-01-17T10:36:25","date_gmt":"2023-01-17T08:36:25","guid":{"rendered":"http:\/\/161.116.26.48\/?p=15247"},"modified":"2023-01-18T15:31:38","modified_gmt":"2023-01-18T13:31:38","slug":"investigadores-de-la-ub-reciben-una-ayuda-agaur-llavor-para-desarrollar-una-herramienta-de-inteligencia-artificial-para-detectar-bebes-con-riesgo-de-retraso-en-el-neurodesarrollo","status":"publish","type":"post","link":"https:\/\/www.fbg.ub.edu\/es\/actualidad\/investigadores-de-la-ub-reciben-una-ayuda-agaur-llavor-para-desarrollar-una-herramienta-de-inteligencia-artificial-para-detectar-bebes-con-riesgo-de-retraso-en-el-neurodesarrollo\/","title":{"rendered":"Investigadores de la UB reciben una ayuda AGAUR-Llavor para desarrollar una herramienta de inteligencia artificial para detectar beb\u00e9s con riesgo de retraso en el neurodesarrollo"},"content":{"rendered":"<p>La Universidad de Barcelona, a trav\u00e9s de su oficina de transferencia de tecnolog\u00eda e innovaci\u00f3n, la Fundaci\u00f3n Bosch i Gimpera, ha recibido de la AGAUR una ayuda Llavor de 20.000 euros para avanzar en el desarrollo de una herramienta que utiliza la inteligencia artificial para detectar beb\u00e9s con problemas de neurodesarrollo. El proyecto est\u00e1 liderado por el Dr. Carles Escera, catedr\u00e1tico de Neurociencia Cognitiva del Departamento de Psicolog\u00eda Cl\u00ednica y Psicobiolog\u00eda e investigador del Instituto de Neurociencias de la UB y del Instituto de Investigaci\u00f3n Sant Joan de D\u00e9u, y cuenta con la participaci\u00f3n del Dr. Jose Valenzuela como cient\u00edfico emprendedor.<\/p>\n<p>Cada a\u00f1o nacen unos 375.000 beb\u00e9s en Espa\u00f1a, de los cuales un 10% son peque\u00f1os para su edad gestacional y tienen un alto riesgo de sufrir un retraso en el desarrollo neurol\u00f3gico. Estudios recientes han revelado que hasta un 40% de los beb\u00e9s con esta condici\u00f3n, conocida como restricci\u00f3n del crecimiento fetal (FGR), sufrir\u00e1n retrasos en el neurodesarrollo, especialmente en la adquisici\u00f3n del lenguaje, que afectar\u00e1n su habilidad lectora y, por tanto, su rendimiento acad\u00e9mico.<\/p>\n<p>En este proyecto, los investigadores de la UB desarrollan una soluci\u00f3n para detectar este retraso, que se basa en la grabaci\u00f3n no invasiva de las se\u00f1ales del cerebro del beb\u00e9 en respuesta a un sonido del habla. Este electroencefalograma se interpretar\u00e1 mediante un algoritmo de inteligencia artificial capaz de proporcionar un indicador cualitativo del riesgo de retraso en el neurodesarrollo del beb\u00e9. Adem\u00e1s, este algoritmo se entrena con una base de datos a la que los investigadores a\u00f1aden cada nuevo caso analizado para mejorar su precisi\u00f3n.<\/p>\n<p>Actualmente no existe ning\u00fan procedimiento m\u00e9dico o psicol\u00f3gico que incluya la detecci\u00f3n y el seguimiento precoz de estos ni\u00f1os, ni tampoco para tomar medidas preventivas lo antes posible. Por tanto, esta herramienta permitir\u00e1 a las familias y a los profesionales de la salud emprender enseguida intervenciones personalizadas para mitigar las deficiencias del neurodesarrollo.<\/p>\n<p>El proyecto, con n\u00famero de expediente 2021 LLAV 00079, ha recibido una ayuda Industria del Conocimiento en la modalidad \u201cAyudas Llavor para proyectos innovadores con potencial de incorporaci\u00f3n al sector productivo\u201d.<\/p>\n","protected":false},"excerpt":{"rendered":"<p>La Universidad de Barcelona, a trav\u00e9s de su oficina de transferencia de tecnolog\u00eda e innovaci\u00f3n, la Fundaci\u00f3n Bosch i Gimpera,&#8230;<\/p>\n","protected":false},"author":2,"featured_media":15246,"comment_status":"closed","ping_status":"open","sticky":false,"template":"","format":"standard","meta":{"_acf_changed":false,"inline_featured_image":false,"_monsterinsights_skip_tracking":false,"_monsterinsights_sitenote_active":false,"_monsterinsights_sitenote_note":"","_monsterinsights_sitenote_category":0,"footnotes":""},"categories":[3],"tags":[],"class_list":["post-15247","post","type-post","status-publish","format-standard","has-post-thumbnail","hentry","category-actualidad"],"acf":[],"_links":{"self":[{"href":"https:\/\/www.fbg.ub.edu\/es\/wp-json\/wp\/v2\/posts\/15247","targetHints":{"allow":["GET"]}}],"collection":[{"href":"https:\/\/www.fbg.ub.edu\/es\/wp-json\/wp\/v2\/posts"}],"about":[{"href":"https:\/\/www.fbg.ub.edu\/es\/wp-json\/wp\/v2\/types\/post"}],"author":[{"embeddable":true,"href":"https:\/\/www.fbg.ub.edu\/es\/wp-json\/wp\/v2\/users\/2"}],"replies":[{"embeddable":true,"href":"https:\/\/www.fbg.ub.edu\/es\/wp-json\/wp\/v2\/comments?post=15247"}],"version-history":[{"count":1,"href":"https:\/\/www.fbg.ub.edu\/es\/wp-json\/wp\/v2\/posts\/15247\/revisions"}],"predecessor-version":[{"id":15248,"href":"https:\/\/www.fbg.ub.edu\/es\/wp-json\/wp\/v2\/posts\/15247\/revisions\/15248"}],"wp:featuredmedia":[{"embeddable":true,"href":"https:\/\/www.fbg.ub.edu\/es\/wp-json\/wp\/v2\/media\/15246"}],"wp:attachment":[{"href":"https:\/\/www.fbg.ub.edu\/es\/wp-json\/wp\/v2\/media?parent=15247"}],"wp:term":[{"taxonomy":"category","embeddable":true,"href":"https:\/\/www.fbg.ub.edu\/es\/wp-json\/wp\/v2\/categories?post=15247"},{"taxonomy":"post_tag","embeddable":true,"href":"https:\/\/www.fbg.ub.edu\/es\/wp-json\/wp\/v2\/tags?post=15247"}],"curies":[{"name":"wp","href":"https:\/\/api.w.org\/{rel}","templated":true}]}}