{"id":14997,"date":"2022-12-14T12:50:10","date_gmt":"2022-12-14T10:50:10","guid":{"rendered":"http:\/\/161.116.26.48\/?p=14997"},"modified":"2022-12-16T12:47:37","modified_gmt":"2022-12-16T10:47:37","slug":"el-consell-social-i-la-fundacio-bosch-i-gimpera-premien-recerques-de-qualitat-i-casos-de-retorn-del-coneixement-a-la-societat","status":"publish","type":"post","link":"https:\/\/www.fbg.ub.edu\/es\/actualidad\/el-consell-social-i-la-fundacio-bosch-i-gimpera-premien-recerques-de-qualitat-i-casos-de-retorn-del-coneixement-a-la-societat\/","title":{"rendered":"El Consell Social i la Fundaci\u00f3 Bosch i Gimpera premien recerques de qualitat i casos de retorn del coneixement a la societat"},"content":{"rendered":"<p>El dijous 15 de desembre es va celebrar l\u2019acte d\u2019entrega dels\u00a0<strong>Premis del Consell Social i de la Fundaci\u00f3 Bosch i Gimpera\u00a0<\/strong>a l\u2019Aula Magna de l\u2019Edifici Hist\u00f2ric de la Universitat de Barcelona. Van lliurar els guardons el rector de la Universitat de Barcelona, Joan Gu\u00e0rdia; el president del Consell Social, Joan Corominas, i la directora de la Fundaci\u00f3 Bosch i Gimpera, Carme Verdaguer. Els treballs premiats s\u00f3n exemples de recerques de gran qualitat derivades de tesis doctorals de joves investigadors, i tamb\u00e9 projectes de transfer\u00e8ncia a la societat de coneixements adquirits i desenvolupats a la Universitat.<\/p>\n<p><strong>L\u2019\u00e8xit educatiu de les missions jesu\u00eftes<\/strong><\/p>\n<p>El Premi Jos\u00e9 Manuel Blecua, que s\u2019atorga al millor article publicat en una revista reconeguda en l\u2019\u00e0mbit de les humanitats i les ci\u00e8ncies socials derivat d\u2019una tesi doctoral, \u00e9s enguany per a una recerca d\u2019\u00c8ric G\u00f3mez sobre les missions de l\u2019orde dels jesu\u00eftes a l\u2019Am\u00e8rica Llatina colonitzada dels segles XVII i XVIII. Aquestes comunitats religioses, popularitzades per la pel\u00b7l\u00edcula La missi\u00f3 de Roland Joff\u00e9, posaven l\u2019accent en l\u2019educaci\u00f3 de les poblacions ind\u00edgenes.<\/p>\n<p>Mitjan\u00e7ant l\u2019estudi dels padrons d\u2019indis (els censos de l\u2019\u00e8poca), la recerca demostra que les comunitats de les missions jesu\u00eftes tenien uns coneixements aritm\u00e8tics excepcionals per l\u2019\u00e8poca. La tesi doctoral de G\u00f3mez, dirigida pels professors de la Facultat d\u2019Economia i Empresa Julio Mart\u00ednez i Miquel Guti\u00e9rrez, apunta que la forma en qu\u00e8 s\u2019organitzaven aquestes missions, aix\u00ed com el seu respecte i adaptaci\u00f3 a la cosmovisi\u00f3 i la llengua guaran\u00ed, podrien haver contribu\u00eft a l\u2019\u00e8xit educatiu.<\/p>\n<p><strong>Premi a una recerca publicada a Nature en portada<\/strong><\/p>\n<p>El Premi Ramon Margalef, per a la millor recerca publicada en una revista reconeguda en l\u2019\u00e0mbit de les ci\u00e8ncies experimentals i de la salut derivada d\u2019una tesi doctoral, \u00e9s per a una recerca publicada a la portada de la revista Nature amb el titular \u00abAfers del cor\u00bb. L\u2019article desxifra un dels enigmes encara per resoldre sobre la transici\u00f3 entre estils de vida lliure i sedent\u00e0ria en avantpassats del nostre f\u00edlum: els cordats.<\/p>\n<p>La tesi doctoral d\u2019Alfonso Ferr\u00e1ndez Rold\u00e1n, dirigida pel professor de la Secci\u00f3 de Gen\u00e8tica de la UB Cristian Ca\u00f1estro, proposa un nou escenari evolutiu que ajuda a entendre l\u2019evoluci\u00f3 del nostre f\u00edlum i a descobrir com era l\u2019avantpassat dels tunicats, el grup germ\u00e0 dels vertebrats. En concret, revela que les p\u00e8rdues massives de gens que van desconstruir la xarxa g\u00e8nica del cor van facilitar la transici\u00f3 cap a un estil de vida pel\u00e0gic lliure en les apendicul\u00e0ries tunicades, a partir d\u2019una forma ancestral sedent\u00e0ria. Es tracta d\u2019una recerca feta en exclusiva pel Grup de Recerca Consolidat Evoluci\u00f3 i Desenvolupament (Evo-Devo) de la Secci\u00f3 de Gen\u00e8tica de la Facultat de Biologia de la UB. El grup investigador \u00e9s pioner a escala mundial en l\u2019\u00fas de l\u2019esp\u00e8cie Oikopleura dioica com a model animal per estudiar l\u2019impacte de la p\u00e8rdua g\u00e8nica com a for\u00e7a evolutiva.<\/p>\n<p><strong>Intel\u00b7lig\u00e8ncia artificial per millorar el diagn\u00f2stic del c\u00e0ncer colorectal<\/strong><\/p>\n<p>El Premi Antoni Caparr\u00f3s al millor projecte de transfer\u00e8ncia de coneixement, tecnologia i innovaci\u00f3 ha estat per al projecte de detecci\u00f3 de patologies del tracte intestinal mitjan\u00e7ant intel\u00b7lig\u00e8ncia artificial liderat per Santi Segu\u00ed, professor agregat del Departament de Matem\u00e0tiques i Inform\u00e0tica de la UB.<\/p>\n<p>L\u2019objectiu del projecte \u00e9s desenvolupar un sistema d\u2019intel\u00b7lig\u00e8ncia artificial que permeti revisar, de manera m\u00e9s r\u00e0pida i efectiva, l\u2019enregistrament de v\u00eddeo obtingut mitjan\u00e7ant una c\u00e0psula endosc\u00f2pica dotada d\u2019una c\u00e0mera al llarg del seu recorregut per l\u2019intest\u00ed. Aquesta eina d\u2019intel\u00b7lig\u00e8ncia artificial permetr\u00e0 substituir progressivament l\u2019endosc\u00f2pia tradicional, una t\u00e8cnica invasiva que requereix anest\u00e8sia, i tamb\u00e9 millorar\u00e0 l\u2019efici\u00e8ncia en el diagn\u00f2stic.<\/p>\n<p>El projecte es va iniciar el 2018 amb una col\u00b7laboraci\u00f3 de recerca entre la UB, l\u2019Hospital General de la Vall d\u2019Hebron i l\u2019empresa escocesa Corporate Health International. Posteriorment, la col\u00b7laboraci\u00f3 amb aquesta companyia va continuar amb un projecte nou finan\u00e7at per Innovate UK. Actualment, amb el suport econ\u00f2mic de l\u2019Institut Nacional de Recerca en Salut d\u2019Anglaterra (NIHR) i en col\u00b7laboraci\u00f3 amb hospitals del Regne Unit, s\u2019est\u00e0 portant a terme un assaig cl\u00ednic de fase 2.<\/p>\n<p><strong>Un medicament veterinari per tractar el dolor dels gossos<\/strong><\/p>\n<p>Josep Maria Su\u00f1\u00e9 Negre, director del grup de recerca del Servei de Desenvolupament del Medicament (SDM) de la UB, ha guanyat tamb\u00e9 el Premi Antoni Caparr\u00f3s al millor projecte de transfer\u00e8ncia de coneixement, tecnologia i innovaci\u00f3.<\/p>\n<p>Se l\u2019ha distingit per haver desenvolupat el Firocoxib, un medicament gen\u00e8ric antiinflamatori homologat per als gossos. En el desenvolupament d\u2019aquest medicament, s\u2019ha incorporat una innovaci\u00f3 tecnol\u00f2gica farmac\u00e8utica que permet ajustar la dosificaci\u00f3 en funci\u00f3 del pes de l\u2019animal, q\u00fcesti\u00f3 que fins ara no s\u2019havia resolt. A m\u00e9s, s\u2019ha dissenyat de manera que el producte sigui agradable al paladar, a fi d\u2019assegurar que el gos no el rebutja, i \u00e9s hipoal\u00b7lergogen, \u00e9s a dir, t\u00e9 molt poc potencial per produir una reacci\u00f3 al\u00b7l\u00e8rgica. El projecte s\u2019ha creat per enc\u00e0rrec de Livisto, una empresa farmac\u00e8utica amb una \u00e0mplia implementaci\u00f3 a escala mundial en el sector veterinari. Aix\u00ed mateix, el projecte s\u2019ha beneficiat de la transfer\u00e8ncia tecnol\u00f2gica de l\u2019empresa Lelypharma, dels Pa\u00efsos Baixos, que s\u2019ha encarregat de la fabricaci\u00f3 industrial del producte.<\/p>\n<p><strong>Reduir el malbaratament alimentari<\/strong><\/p>\n<p>ColorSensing, empresa derivada (spin-off) de la UB, ha guanyat el Premi Sen\u00e9n Vilar\u00f3 a la millor empresa innovadora. Creada el 2018 per Daniel Prades, de la Facultat de F\u00edsica, i per Mar\u00eda Eugenia Mart\u00edn, ara CEO d\u2019aquesta spin-off, ajuda fabricants i distribu\u00efdors d\u2019aliments envasats a reduir el malbaratament alimentari, mitjan\u00e7ant una eina de control de la qualitat i la seguretat aliment\u00e0ries que millora la seva rendibilitat.<\/p>\n<p>ColorSensing ofereix una etiqueta intel\u00b7ligent que s\u2019enganxa a les safates dels productes alimentaris i que permet comprovar tres aspectes clau: la qualitat de l\u2019envasat en l\u00ednia de manera no destructiva (sense haver de perforar l\u2019env\u00e0s per verificar l\u2019estat del producte); si s\u2019ha trencat la cadena del fred, i la frescor real del producte en qualsevol moment de la seva vida \u00fatil i en qualsevol punt de la cadena de subministrament.<\/p>\n","protected":false},"excerpt":{"rendered":"<p>El dijous 15 de desembre es va celebrar l\u2019acte d\u2019entrega dels\u00a0Premis del Consell Social i de la Fundaci\u00f3 Bosch i&#8230;<\/p>\n","protected":false},"author":2,"featured_media":14993,"comment_status":"closed","ping_status":"open","sticky":false,"template":"","format":"standard","meta":{"_acf_changed":false,"inline_featured_image":false,"_monsterinsights_skip_tracking":false,"_monsterinsights_sitenote_active":false,"_monsterinsights_sitenote_note":"","_monsterinsights_sitenote_category":0,"footnotes":""},"categories":[3],"tags":[],"class_list":["post-14997","post","type-post","status-publish","format-standard","has-post-thumbnail","hentry","category-actualidad"],"acf":[],"_links":{"self":[{"href":"https:\/\/www.fbg.ub.edu\/es\/wp-json\/wp\/v2\/posts\/14997","targetHints":{"allow":["GET"]}}],"collection":[{"href":"https:\/\/www.fbg.ub.edu\/es\/wp-json\/wp\/v2\/posts"}],"about":[{"href":"https:\/\/www.fbg.ub.edu\/es\/wp-json\/wp\/v2\/types\/post"}],"author":[{"embeddable":true,"href":"https:\/\/www.fbg.ub.edu\/es\/wp-json\/wp\/v2\/users\/2"}],"replies":[{"embeddable":true,"href":"https:\/\/www.fbg.ub.edu\/es\/wp-json\/wp\/v2\/comments?post=14997"}],"version-history":[{"count":2,"href":"https:\/\/www.fbg.ub.edu\/es\/wp-json\/wp\/v2\/posts\/14997\/revisions"}],"predecessor-version":[{"id":15039,"href":"https:\/\/www.fbg.ub.edu\/es\/wp-json\/wp\/v2\/posts\/14997\/revisions\/15039"}],"wp:featuredmedia":[{"embeddable":true,"href":"https:\/\/www.fbg.ub.edu\/es\/wp-json\/wp\/v2\/media\/14993"}],"wp:attachment":[{"href":"https:\/\/www.fbg.ub.edu\/es\/wp-json\/wp\/v2\/media?parent=14997"}],"wp:term":[{"taxonomy":"category","embeddable":true,"href":"https:\/\/www.fbg.ub.edu\/es\/wp-json\/wp\/v2\/categories?post=14997"},{"taxonomy":"post_tag","embeddable":true,"href":"https:\/\/www.fbg.ub.edu\/es\/wp-json\/wp\/v2\/tags?post=14997"}],"curies":[{"name":"wp","href":"https:\/\/api.w.org\/{rel}","templated":true}]}}