{"id":14027,"date":"2022-05-20T12:12:13","date_gmt":"2022-05-20T10:12:13","guid":{"rendered":"http:\/\/161.116.26.48\/?p=14027"},"modified":"2022-05-20T12:12:15","modified_gmt":"2022-05-20T10:12:15","slug":"tres-proyectos-investigacion-ub-reconocidos-convocatoria-lineas-estrategicas","status":"publish","type":"post","link":"https:\/\/www.fbg.ub.edu\/es\/actualidad\/tres-proyectos-investigacion-ub-reconocidos-convocatoria-lineas-estrategicas\/","title":{"rendered":"Tres proyectos de investigaci\u00f3n de la UB reconocidos en la convocatoria \u201cL\u00edneas Estrat\u00e9gicas\u201d"},"content":{"rendered":"<p>El Ministerio de Ciencia e Innovaci\u00f3n, en la convocatoria \u201cL\u00edneas Estrat\u00e9gicas\u201d ha concedido una ayuda a tres proyectos de I+D+i liderados por investigadores e investigadoras de la Universidad de Barcelona. Las ayudas est\u00e1n destinadas a financiar proyectos de investigaci\u00f3n industrial en colaboraci\u00f3n entre empresas y organismos de investigaci\u00f3n con el fin de dar respuesta a los desaf\u00edos identificados en las prioridades tem\u00e1ticas (t\u00f3picos).<\/p>\n<p>Las ayudas adjudicadas a la UB suman un total contratado de 581.805\u20ac para llevar a cabo los proyectos de tres a\u00f1os de duraci\u00f3n.<\/p>\n<p>El personal de investigaci\u00f3n de la Universidad y los proyectos que lidera que han sido reconocidos son los siguientes:<\/p>\n<p>Dr. Josep Anton Mu\u00f1oz de la Facultad de Ciencias de la Tierra: \u201cEn natural open museum in the Pyrenees: virtual realidad experiencia para diseminaci\u00f3n y conservaci\u00f3n de la geol\u00f3gica y cultural heritage (VIGEOCULT)\u201d, que se desarrollar\u00e1 dentro de la tem\u00e1tica \u201cPatrimonio cultural\u201d (t\u00f3pico 9). Referencia del proyecto: PLEC2021-007903, financiado por MCIN\/AEI\/10.13039\/501100011033 y por la Uni\u00f3n Europea \u201cNextGenerationEU\u201d\/PRTR\u201d.<\/p>\n<p>Dra. Mariona Taul\u00e9 del departamento de Filolog\u00eda catalana y ling\u00fc\u00edstica general: \u201cIA explicable para desinformaci\u00f3n y detecci\u00f3n de conspiraci\u00f3n durante infodemias (XAI-DisInfodemics)\u201d, que se desarrollar\u00e1 en la tem\u00e1tica \u201cDesinformaci\u00f3n, enga\u00f1os y noticias falsas a trav\u00e9s de canales p\u00fablicos y privados (t\u00f3pico 18)\u201d. Referencia del proyecto: PLEC2021-007681, financiado por MCIN\/AEI\/10.13039\/501100011033 y por la Uni\u00f3n Europea \u201cNextGenerationEU\u201d\/PRTR\u201d.<\/p>\n<p>Dr. Jos\u00e9 Luis Araus del departamento de Fisiolog\u00eda vegetal: \u201cDesarrollo de nuevos productos para la protecci\u00f3n de las plantas basados \u200b\u200ben microorganismos contra enfermedades foliares en cultivos de importancia econ\u00f3mica\u201d y se desarrollar\u00e1 en la tem\u00e1tica \u201cMejora sostenible de la productividad vegetal: desarrollo de programas y productos fitosanitarios innovadoras (t\u00f3pico 2)\u201d. Referencia del proyecto: PLEC2021-007686, financiado por MCIN\/AEI\/10.13039\/501100011033 y por la Uni\u00f3n Europea \u201cNextGenerationEU\u201d\/PRTR\u201d.<\/p>\n<p>Esta convocatoria representa una oportunidad para la ejecuci\u00f3n de proyectos de investigaci\u00f3n industrial realizados en cooperaci\u00f3n entre empresas y agentes de I+D tanto p\u00fablicos como privados, para dar respuesta a los desaf\u00edos identificados en las prioridades tem\u00e1ticas (t\u00f3picos), a trav\u00e9s de proyectos interdisciplinares y multidisciplinares en los que la cooperaci\u00f3n cient\u00edfica sea constitutiva y se valore el solapamiento entre disciplinas a nivel metodol\u00f3gico, conceptual o te\u00f3rico.<\/p>\n<p><a href=\"http:\/\/www.fbg.ub.edu\/es\/?attachment_id=14022\" rel=\"attachment wp-att-14022\"><img loading=\"lazy\" decoding=\"async\" class=\"size-medium wp-image-14022 alignleft\" src=\"http:\/\/www.fbg.ub.edu\/wp-content\/uploads\/2022\/05\/Logos-financament-380x79.jpg\" alt=\"\" width=\"380\" height=\"79\" srcset=\"https:\/\/www.fbg.ub.edu\/wp-content\/uploads\/2022\/05\/Logos-financament-380x79.jpg 380w, https:\/\/www.fbg.ub.edu\/wp-content\/uploads\/2022\/05\/Logos-financament-768x159.jpg 768w, https:\/\/www.fbg.ub.edu\/wp-content\/uploads\/2022\/05\/Logos-financament.jpg 1399w\" sizes=\"auto, (max-width: 380px) 100vw, 380px\" \/><\/a><\/p>\n","protected":false},"excerpt":{"rendered":"<p>El Ministerio de Ciencia e Innovaci\u00f3n, en la convocatoria \u201cL\u00edneas Estrat\u00e9gicas\u201d ha concedido una ayuda a tres proyectos de I+D+i&#8230;<\/p>\n","protected":false},"author":2,"featured_media":0,"comment_status":"closed","ping_status":"open","sticky":false,"template":"","format":"standard","meta":{"_acf_changed":false,"inline_featured_image":false,"_monsterinsights_skip_tracking":false,"_monsterinsights_sitenote_active":false,"_monsterinsights_sitenote_note":"","_monsterinsights_sitenote_category":0,"footnotes":""},"categories":[3],"tags":[],"class_list":["post-14027","post","type-post","status-publish","format-standard","hentry","category-actualidad"],"acf":[],"_links":{"self":[{"href":"https:\/\/www.fbg.ub.edu\/es\/wp-json\/wp\/v2\/posts\/14027","targetHints":{"allow":["GET"]}}],"collection":[{"href":"https:\/\/www.fbg.ub.edu\/es\/wp-json\/wp\/v2\/posts"}],"about":[{"href":"https:\/\/www.fbg.ub.edu\/es\/wp-json\/wp\/v2\/types\/post"}],"author":[{"embeddable":true,"href":"https:\/\/www.fbg.ub.edu\/es\/wp-json\/wp\/v2\/users\/2"}],"replies":[{"embeddable":true,"href":"https:\/\/www.fbg.ub.edu\/es\/wp-json\/wp\/v2\/comments?post=14027"}],"version-history":[{"count":1,"href":"https:\/\/www.fbg.ub.edu\/es\/wp-json\/wp\/v2\/posts\/14027\/revisions"}],"predecessor-version":[{"id":14028,"href":"https:\/\/www.fbg.ub.edu\/es\/wp-json\/wp\/v2\/posts\/14027\/revisions\/14028"}],"wp:attachment":[{"href":"https:\/\/www.fbg.ub.edu\/es\/wp-json\/wp\/v2\/media?parent=14027"}],"wp:term":[{"taxonomy":"category","embeddable":true,"href":"https:\/\/www.fbg.ub.edu\/es\/wp-json\/wp\/v2\/categories?post=14027"},{"taxonomy":"post_tag","embeddable":true,"href":"https:\/\/www.fbg.ub.edu\/es\/wp-json\/wp\/v2\/tags?post=14027"}],"curies":[{"name":"wp","href":"https:\/\/api.w.org\/{rel}","templated":true}]}}